{"id":161588,"date":"2020-04-01T14:13:14","date_gmt":"2020-04-01T17:13:14","guid":{"rendered":"http:\/\/www.caririemacao.com\/1\/?p=161588"},"modified":"2020-04-01T14:13:17","modified_gmt":"2020-04-01T17:13:17","slug":"energisa-confirma-que-ja-esta-cumprindo-resolucao-da-aneel-de-nao-cortar-fornecimento-de-energia-durante-os-proximos-90-dias","status":"publish","type":"post","link":"https:\/\/www.caririemacao.com\/1\/2020\/04\/01\/energisa-confirma-que-ja-esta-cumprindo-resolucao-da-aneel-de-nao-cortar-fornecimento-de-energia-durante-os-proximos-90-dias\/","title":{"rendered":"Energisa confirma que j\u00e1 est\u00e1 cumprindo resolu\u00e7\u00e3o da Aneel de n\u00e3o cortar fornecimento de energia durante os pr\u00f3ximos 90 dias"},"content":{"rendered":"\n<p>A Energisa informou por meio de uma nota nesta quarta-feira (1\u00ba), que j\u00e1 est\u00e1 cumprindo a resolu\u00e7\u00e3o da Aneel de n\u00e3o&nbsp;realizar cortes em consumidores residenciais e de servi\u00e7os essenciais durante os pr\u00f3ximos 90 dias, na Para\u00edba. A empresa informa que os&nbsp;clientes j\u00e1 cortados s\u00e3o aqueles com contas vencidas h\u00e1, no m\u00ednimo, 45 dias, bem antes da pandemia do Coronav\u00edrus.&nbsp;<\/p>\n\n\n\n<p>Ainda segundo a empresa, estes clientes que tiveram a energia suspensa, antes da crise,&nbsp;ter\u00e3o a religa\u00e7\u00e3o priorizada, assim que regularizarem os d\u00e9bitos, pelo telefone ou site da empresa.&nbsp;<\/p>\n\n\n\n<p>A Energisa alerta que a resolu\u00e7\u00e3o da Aneel&nbsp;assegura que o faturamento deve continuar normalmente e que o texto n\u00e3o&nbsp;esclarece que a suspens\u00e3o do corte n\u00e3o isenta os consumidores do pagamento, mas sim de garantir a continuidade do fornecimento de energia el\u00e9trica neste momento de calamidade p\u00fablica aos que n\u00e3o tiverem condi\u00e7\u00f5es de se manter adimplentes.<\/p>\n\n\n\n<p><strong>Confira a nota na \u00edntegra<\/strong><\/p>\n\n\n\n<p><strong>NOTA<\/strong><\/p>\n\n\n\n<p><em>A Energisa Para\u00edba informa que n\u00e3o comenta decis\u00f5es judiciais em curso.<\/em><\/p>\n\n\n\n<p><em>A empresa est\u00e1 cumprindo todas as obriga\u00e7\u00f5es estipuladas pela Resolu\u00e7\u00e3o da ANEEL, inclusive a de n\u00e3o realizar cortes em consumidores residenciais e de servi\u00e7os essenciais durante os pr\u00f3ximos 90 dias.<\/em><\/p>\n\n\n\n<p><em>\u00c9 importante esclarecer que os clientes j\u00e1 cortados s\u00e3o aqueles com contas vencidas h\u00e1, no m\u00ednimo, 45 dias, ou seja, bem antes do in\u00edcio da crise. A decis\u00e3o da Aneel \u00e9 pela suspens\u00e3o de novos cortes no per\u00edodo de vig\u00eancia da Resolu\u00e7\u00e3o.<\/em><\/p>\n\n\n\n<p><em>Clientes j\u00e1 suspensos ter\u00e3o a religa\u00e7\u00e3o priorizada. Para isso, devem regularizar os d\u00e9bitos pelo 0800 083 01960, site, aplicativo Energisa ON ou pelo WhatsApp 83 99135 5540 .Para estes casos, a Energisa est\u00e1 oferecendo condi\u00e7\u00f5es especiais de parcelamento e negocia\u00e7\u00e3o de d\u00e9bitos.<\/em><\/p>\n\n\n\n<p><em>A Resolu\u00e7\u00e3o da ANEEL assegura que o faturamento deve continuar normalmente. O texto esclarece que a suspens\u00e3o do corte n\u00e3o isenta os consumidores do pagamento, mas sim de garantir a continuidade do fornecimento de energia el\u00e9trica neste momento de calamidade p\u00fablica aos que n\u00e3o tiverem condi\u00e7\u00f5es de se manter adimplentes.<\/em><\/p>\n","protected":false},"excerpt":{"rendered":"<p>A Energisa informou por meio de uma nota nesta quarta-feira (1\u00ba), que j\u00e1 est\u00e1 cumprindo a resolu\u00e7\u00e3o da Aneel de n\u00e3o&nbsp;realizar cortes em consumidores residenciais&hellip; <\/p>\n","protected":false},"author":2,"featured_media":161589,"comment_status":"closed","ping_status":"closed","sticky":false,"template":"","format":"standard","meta":{"sfsi_plus_gutenberg_text_before_share":"","sfsi_plus_gutenberg_show_text_before_share":"","sfsi_plus_gutenberg_icon_type":"","sfsi_plus_gutenberg_icon_alignemt":"","sfsi_plus_gutenburg_max_per_row":"","footnotes":""},"categories":[2],"tags":[],"class_list":["post-161588","post","type-post","status-publish","format-standard","has-post-thumbnail","hentry","category-geral"],"_links":{"self":[{"href":"https:\/\/www.caririemacao.com\/1\/wp-json\/wp\/v2\/posts\/161588","targetHints":{"allow":["GET"]}}],"collection":[{"href":"https:\/\/www.caririemacao.com\/1\/wp-json\/wp\/v2\/posts"}],"about":[{"href":"https:\/\/www.caririemacao.com\/1\/wp-json\/wp\/v2\/types\/post"}],"author":[{"embeddable":true,"href":"https:\/\/www.caririemacao.com\/1\/wp-json\/wp\/v2\/users\/2"}],"replies":[{"embeddable":true,"href":"https:\/\/www.caririemacao.com\/1\/wp-json\/wp\/v2\/comments?post=161588"}],"version-history":[{"count":1,"href":"https:\/\/www.caririemacao.com\/1\/wp-json\/wp\/v2\/posts\/161588\/revisions"}],"predecessor-version":[{"id":161590,"href":"https:\/\/www.caririemacao.com\/1\/wp-json\/wp\/v2\/posts\/161588\/revisions\/161590"}],"wp:featuredmedia":[{"embeddable":true,"href":"https:\/\/www.caririemacao.com\/1\/wp-json\/wp\/v2\/media\/161589"}],"wp:attachment":[{"href":"https:\/\/www.caririemacao.com\/1\/wp-json\/wp\/v2\/media?parent=161588"}],"wp:term":[{"taxonomy":"category","embeddable":true,"href":"https:\/\/www.caririemacao.com\/1\/wp-json\/wp\/v2\/categories?post=161588"},{"taxonomy":"post_tag","embeddable":true,"href":"https:\/\/www.caririemacao.com\/1\/wp-json\/wp\/v2\/tags?post=161588"}],"curies":[{"name":"wp","href":"https:\/\/api.w.org\/{rel}","templated":true}]}}