{"id":161608,"date":"2020-04-01T14:22:26","date_gmt":"2020-04-01T17:22:26","guid":{"rendered":"http:\/\/www.caririemacao.com\/1\/?p=161608"},"modified":"2020-04-01T14:22:30","modified_gmt":"2020-04-01T17:22:30","slug":"saude-descarta-infeccao-por-novo-coronavirus-em-recem-nascido","status":"publish","type":"post","link":"https:\/\/www.caririemacao.com\/1\/2020\/04\/01\/saude-descarta-infeccao-por-novo-coronavirus-em-recem-nascido\/","title":{"rendered":"Sa\u00fade descarta infec\u00e7\u00e3o por novo Coronav\u00edrus em rec\u00e9m-nascido"},"content":{"rendered":"\n<p>A Secretaria de Sa\u00fade da Para\u00edba descartou infec\u00e7\u00e3o pelo novo Coronav\u00edrus em um rec\u00e9m-nascido internado na Maternidade Frei Dami\u00e3o, em Jo\u00e3o Pessoa. Segundo um boletim da Secretaria, o beb\u00ea tem pneumonia. A informa\u00e7\u00e3o foi divulgada pelo ClickPB.<\/p>\n\n\n\n<p>Antes de ser internada, a crian\u00e7a apresentou sintomas de S\u00edndrome Respirat\u00f3ria Aguda Grave. O beb\u00ea permanece internado.<\/p>\n","protected":false},"excerpt":{"rendered":"<p>A Secretaria de Sa\u00fade da Para\u00edba descartou infec\u00e7\u00e3o pelo novo Coronav\u00edrus em um rec\u00e9m-nascido internado na Maternidade Frei Dami\u00e3o, em Jo\u00e3o Pessoa. Segundo um boletim&hellip; <\/p>\n","protected":false},"author":2,"featured_media":161609,"comment_status":"closed","ping_status":"closed","sticky":false,"template":"","format":"standard","meta":{"sfsi_plus_gutenberg_text_before_share":"","sfsi_plus_gutenberg_show_text_before_share":"","sfsi_plus_gutenberg_icon_type":"","sfsi_plus_gutenberg_icon_alignemt":"","sfsi_plus_gutenburg_max_per_row":"","footnotes":""},"categories":[16],"tags":[],"class_list":["post-161608","post","type-post","status-publish","format-standard","has-post-thumbnail","hentry","category-saude"],"_links":{"self":[{"href":"https:\/\/www.caririemacao.com\/1\/wp-json\/wp\/v2\/posts\/161608","targetHints":{"allow":["GET"]}}],"collection":[{"href":"https:\/\/www.caririemacao.com\/1\/wp-json\/wp\/v2\/posts"}],"about":[{"href":"https:\/\/www.caririemacao.com\/1\/wp-json\/wp\/v2\/types\/post"}],"author":[{"embeddable":true,"href":"https:\/\/www.caririemacao.com\/1\/wp-json\/wp\/v2\/users\/2"}],"replies":[{"embeddable":true,"href":"https:\/\/www.caririemacao.com\/1\/wp-json\/wp\/v2\/comments?post=161608"}],"version-history":[{"count":1,"href":"https:\/\/www.caririemacao.com\/1\/wp-json\/wp\/v2\/posts\/161608\/revisions"}],"predecessor-version":[{"id":161610,"href":"https:\/\/www.caririemacao.com\/1\/wp-json\/wp\/v2\/posts\/161608\/revisions\/161610"}],"wp:featuredmedia":[{"embeddable":true,"href":"https:\/\/www.caririemacao.com\/1\/wp-json\/wp\/v2\/media\/161609"}],"wp:attachment":[{"href":"https:\/\/www.caririemacao.com\/1\/wp-json\/wp\/v2\/media?parent=161608"}],"wp:term":[{"taxonomy":"category","embeddable":true,"href":"https:\/\/www.caririemacao.com\/1\/wp-json\/wp\/v2\/categories?post=161608"},{"taxonomy":"post_tag","embeddable":true,"href":"https:\/\/www.caririemacao.com\/1\/wp-json\/wp\/v2\/tags?post=161608"}],"curies":[{"name":"wp","href":"https:\/\/api.w.org\/{rel}","templated":true}]}}