{"id":161644,"date":"2020-04-01T16:39:45","date_gmt":"2020-04-01T19:39:45","guid":{"rendered":"http:\/\/www.caririemacao.com\/1\/?p=161644"},"modified":"2020-04-01T16:46:10","modified_gmt":"2020-04-01T19:46:10","slug":"prefeitura-de-amaparo-cancela-festa-de-emancipacao-politica-e-festejos-juninos","status":"publish","type":"post","link":"https:\/\/www.caririemacao.com\/1\/2020\/04\/01\/prefeitura-de-amaparo-cancela-festa-de-emancipacao-politica-e-festejos-juninos\/","title":{"rendered":"Prefeitura de Amparo cancela festa de Emancipa\u00e7\u00e3o Pol\u00edtica e festejos juninos"},"content":{"rendered":"\n<p>O Prefeito In\u00e1cio N\u00f3brega esteve participando nesta  ter\u00e7a-feira (31), da reuni\u00e3o da AMCAP (Associa\u00e7\u00e3o dos Munic\u00edpios do Cariri e Agreste Paraibano), no sentido de discutir com os demais pares a situa\u00e7\u00e3o causada pela pandemia do Covid-19 na regi\u00e3o do Cariri e seus impactos na vida social e econ\u00f4mico no cotidiano das pessoas e dos munic\u00edpios. <\/p>\n\n\n\n<p>Entre as decis\u00f5es tomadas ficou acordado de forma conjunta, o cancelamento de todos os eventos de cunho cultural e festivo da municipalidade. Entre estes eventos destaque para os festejos juninos e as festas de Emancipa\u00e7\u00e3o Pol\u00edtica dos membros da entidade. <\/p>\n\n\n\n<p>&#8220;\u00c9 momento de sermos solid\u00e1rios com a nossa gente, com a classe art\u00edstica e promotores de evento, no encanto, n\u00e3o podemos fugir de uma das nossas responsabilidade quanto gestores, \u00e9 salvaguardar vidas embora que para isso seja necess\u00e1rio tomar medidas que n\u00e3o agradam parte da nossa popula\u00e7\u00e3o. Outras festas vir\u00e3o, e temos a F\u00e9 em Deus que tudo isso vai passar e vamos poder olhar pra nossa gente certos de que todas as decis\u00f5es tomadas foram necess\u00e1rias&#8221;. Pontuou o prefeito, In\u00e1cio N\u00f3brega.<br> <\/p>\n","protected":false},"excerpt":{"rendered":"<p>O Prefeito In\u00e1cio N\u00f3brega esteve participando nesta ter\u00e7a-feira (31), da reuni\u00e3o da AMCAP (Associa\u00e7\u00e3o dos Munic\u00edpios do Cariri e Agreste Paraibano), no sentido de discutir&hellip; <\/p>\n","protected":false},"author":1,"featured_media":161645,"comment_status":"closed","ping_status":"closed","sticky":false,"template":"","format":"standard","meta":{"sfsi_plus_gutenberg_text_before_share":"","sfsi_plus_gutenberg_show_text_before_share":"","sfsi_plus_gutenberg_icon_type":"","sfsi_plus_gutenberg_icon_alignemt":"","sfsi_plus_gutenburg_max_per_row":"","footnotes":""},"categories":[6,50],"tags":[],"class_list":["post-161644","post","type-post","status-publish","format-standard","has-post-thumbnail","hentry","category-cidades","category-destaque"],"_links":{"self":[{"href":"https:\/\/www.caririemacao.com\/1\/wp-json\/wp\/v2\/posts\/161644","targetHints":{"allow":["GET"]}}],"collection":[{"href":"https:\/\/www.caririemacao.com\/1\/wp-json\/wp\/v2\/posts"}],"about":[{"href":"https:\/\/www.caririemacao.com\/1\/wp-json\/wp\/v2\/types\/post"}],"author":[{"embeddable":true,"href":"https:\/\/www.caririemacao.com\/1\/wp-json\/wp\/v2\/users\/1"}],"replies":[{"embeddable":true,"href":"https:\/\/www.caririemacao.com\/1\/wp-json\/wp\/v2\/comments?post=161644"}],"version-history":[{"count":3,"href":"https:\/\/www.caririemacao.com\/1\/wp-json\/wp\/v2\/posts\/161644\/revisions"}],"predecessor-version":[{"id":161648,"href":"https:\/\/www.caririemacao.com\/1\/wp-json\/wp\/v2\/posts\/161644\/revisions\/161648"}],"wp:featuredmedia":[{"embeddable":true,"href":"https:\/\/www.caririemacao.com\/1\/wp-json\/wp\/v2\/media\/161645"}],"wp:attachment":[{"href":"https:\/\/www.caririemacao.com\/1\/wp-json\/wp\/v2\/media?parent=161644"}],"wp:term":[{"taxonomy":"category","embeddable":true,"href":"https:\/\/www.caririemacao.com\/1\/wp-json\/wp\/v2\/categories?post=161644"},{"taxonomy":"post_tag","embeddable":true,"href":"https:\/\/www.caririemacao.com\/1\/wp-json\/wp\/v2\/tags?post=161644"}],"curies":[{"name":"wp","href":"https:\/\/api.w.org\/{rel}","templated":true}]}}