{"id":161652,"date":"2020-04-01T17:25:08","date_gmt":"2020-04-01T20:25:08","guid":{"rendered":"http:\/\/www.caririemacao.com\/1\/?p=161652"},"modified":"2020-04-01T17:25:10","modified_gmt":"2020-04-01T20:25:10","slug":"sume-prefeitura-doa-cestas-basicas-para-familias-carentes","status":"publish","type":"post","link":"https:\/\/www.caririemacao.com\/1\/2020\/04\/01\/sume-prefeitura-doa-cestas-basicas-para-familias-carentes\/","title":{"rendered":"Sum\u00e9: Prefeitura doa cestas b\u00e1sicas para fam\u00edlias carentes"},"content":{"rendered":"\n<p>O prefeito \u00c9den Duarte continua adotando medidas preventivas contra a dissemina\u00e7\u00e3o do coronav\u00edrus com a\u00e7\u00f5es necess\u00e1rias em todas as frentes. Desde a semana passada, a Prefeitura de Sum\u00e9 vem distribuindo cestas b\u00e1sicas a fam\u00edlias carentes do munic\u00edpio. A a\u00e7\u00e3o est\u00e1 sendo coordenada pela Secretaria Municipal de Assist\u00eancia Social, de maneira que n\u00e3o gere aglomera\u00e7\u00e3o no local, conforme indicado para o per\u00edodo.<\/p>\n\n\n\n<p><br>A Prefeitura tamb\u00e9m tem distribu\u00eddo a essas fam\u00edlias legumes e frutas, adquiridas dos produtores locais como forma de ajud\u00e1-los a obter renda neste per\u00edodo de isolamento social, fechamento de com\u00e9rcio e de institui\u00e7\u00f5es p\u00fablicas e privadas.<\/p>\n\n\n\n<p><br>A Secretaria de Assist\u00eancia Social tamb\u00e9m tem mantido a distribui\u00e7\u00e3o de alimentos pelo Programa de Aquisi\u00e7\u00e3o de Alimentos (PAA). A equipe da Secretaria est\u00e1 fazendo a triagem e an\u00e1lise de cadastros para atender a popula\u00e7\u00e3o mais necessitada.<br>As pessoas que precisarem entrar em contato com o PAA podem fazer pelo telefone (83) 99982-2001 ou e-mail: smassume@yahoo.com.br.<\/p>\n\n\n\n<p><br>O prefeito \u00c9den tem reiterado \u00e0 popula\u00e7\u00e3o, a import\u00e2ncia de se manter o isolamento social como meio de prevenir a contamina\u00e7\u00e3o por cononav\u00edrus no munic\u00edpio.<br><strong>Ascom PMS<\/strong><\/p>\n","protected":false},"excerpt":{"rendered":"<p>O prefeito \u00c9den Duarte continua adotando medidas preventivas contra a dissemina\u00e7\u00e3o do coronav\u00edrus com a\u00e7\u00f5es necess\u00e1rias em todas as frentes. Desde a semana passada, a&hellip; <\/p>\n","protected":false},"author":1,"featured_media":161661,"comment_status":"closed","ping_status":"closed","sticky":false,"template":"","format":"standard","meta":{"sfsi_plus_gutenberg_text_before_share":"","sfsi_plus_gutenberg_show_text_before_share":"","sfsi_plus_gutenberg_icon_type":"","sfsi_plus_gutenberg_icon_alignemt":"","sfsi_plus_gutenburg_max_per_row":"","footnotes":""},"categories":[6,50],"tags":[],"class_list":["post-161652","post","type-post","status-publish","format-standard","has-post-thumbnail","hentry","category-cidades","category-destaque"],"_links":{"self":[{"href":"https:\/\/www.caririemacao.com\/1\/wp-json\/wp\/v2\/posts\/161652","targetHints":{"allow":["GET"]}}],"collection":[{"href":"https:\/\/www.caririemacao.com\/1\/wp-json\/wp\/v2\/posts"}],"about":[{"href":"https:\/\/www.caririemacao.com\/1\/wp-json\/wp\/v2\/types\/post"}],"author":[{"embeddable":true,"href":"https:\/\/www.caririemacao.com\/1\/wp-json\/wp\/v2\/users\/1"}],"replies":[{"embeddable":true,"href":"https:\/\/www.caririemacao.com\/1\/wp-json\/wp\/v2\/comments?post=161652"}],"version-history":[{"count":1,"href":"https:\/\/www.caririemacao.com\/1\/wp-json\/wp\/v2\/posts\/161652\/revisions"}],"predecessor-version":[{"id":161662,"href":"https:\/\/www.caririemacao.com\/1\/wp-json\/wp\/v2\/posts\/161652\/revisions\/161662"}],"wp:featuredmedia":[{"embeddable":true,"href":"https:\/\/www.caririemacao.com\/1\/wp-json\/wp\/v2\/media\/161661"}],"wp:attachment":[{"href":"https:\/\/www.caririemacao.com\/1\/wp-json\/wp\/v2\/media?parent=161652"}],"wp:term":[{"taxonomy":"category","embeddable":true,"href":"https:\/\/www.caririemacao.com\/1\/wp-json\/wp\/v2\/categories?post=161652"},{"taxonomy":"post_tag","embeddable":true,"href":"https:\/\/www.caririemacao.com\/1\/wp-json\/wp\/v2\/tags?post=161652"}],"curies":[{"name":"wp","href":"https:\/\/api.w.org\/{rel}","templated":true}]}}