{"id":161663,"date":"2020-04-01T17:43:09","date_gmt":"2020-04-01T20:43:09","guid":{"rendered":"http:\/\/www.caririemacao.com\/1\/?p=161663"},"modified":"2020-04-01T17:43:10","modified_gmt":"2020-04-01T20:43:10","slug":"sume-promotoria-de-justica-prolonga-quarententa-para-ate-30-de-abril","status":"publish","type":"post","link":"https:\/\/www.caririemacao.com\/1\/2020\/04\/01\/sume-promotoria-de-justica-prolonga-quarententa-para-ate-30-de-abril\/","title":{"rendered":"Sum\u00e9: Promotoria de Justi\u00e7a prolonga quarententa para at\u00e9 30 de abril"},"content":{"rendered":"\n<p>A Promotoria de Justi\u00e7a Cumulativa de Sum\u00e9, por meio do Promotor de Justi\u00e7a Dr. Bruno Leonardo Lins, solicita que se divulgue que em obedi\u00eancia ao novo\u00a0ATO NORMATIVO CONJUNTO N\u00b0 004\/2020TJPB\/MPPB\/DPEPB\/OAB-PB, em que disp\u00f5e sobre o funcionamento dos \u00f3rg\u00e3os da Justi\u00e7a, durante a vig\u00eancia das medidas tempor\u00e1rias de preven\u00e7\u00e3o ao cont\u00e1gio pelo novo Coronav\u00edrus (Covid-19). <\/p>\n\n\n\n<p>De acordo com o ato normativo, fica suspenso, em car\u00e1ter excepcional, o expediente presencial na Promotoria de Justi\u00e7a Cumulativa de Sum\u00e9 foi prorrogado at\u00e9 30 de Abril de 2020.<\/p>\n\n\n\n<p><br>O atendimento ser\u00e1 prestado exclusivamente pelos meios eletr\u00f4nicos ou telef\u00f4nicos abaixo.<\/p>\n\n\n\n<p><br><strong>Telefone celular:<\/strong>\u00a0(83) 99974.9317<strong>Whatsapp:<\/strong>\u00a0(83) 99159-1570<strong>E-mail:<\/strong>\u00a0promotoria.sume@mppb.mp.br<\/p>\n","protected":false},"excerpt":{"rendered":"<p>A Promotoria de Justi\u00e7a Cumulativa de Sum\u00e9, por meio do Promotor de Justi\u00e7a Dr. Bruno Leonardo Lins, solicita que se divulgue que em obedi\u00eancia ao&hellip; <\/p>\n","protected":false},"author":1,"featured_media":161664,"comment_status":"closed","ping_status":"closed","sticky":false,"template":"","format":"standard","meta":{"sfsi_plus_gutenberg_text_before_share":"","sfsi_plus_gutenberg_show_text_before_share":"","sfsi_plus_gutenberg_icon_type":"","sfsi_plus_gutenberg_icon_alignemt":"","sfsi_plus_gutenburg_max_per_row":"","footnotes":""},"categories":[6,50],"tags":[],"class_list":["post-161663","post","type-post","status-publish","format-standard","has-post-thumbnail","hentry","category-cidades","category-destaque"],"_links":{"self":[{"href":"https:\/\/www.caririemacao.com\/1\/wp-json\/wp\/v2\/posts\/161663","targetHints":{"allow":["GET"]}}],"collection":[{"href":"https:\/\/www.caririemacao.com\/1\/wp-json\/wp\/v2\/posts"}],"about":[{"href":"https:\/\/www.caririemacao.com\/1\/wp-json\/wp\/v2\/types\/post"}],"author":[{"embeddable":true,"href":"https:\/\/www.caririemacao.com\/1\/wp-json\/wp\/v2\/users\/1"}],"replies":[{"embeddable":true,"href":"https:\/\/www.caririemacao.com\/1\/wp-json\/wp\/v2\/comments?post=161663"}],"version-history":[{"count":1,"href":"https:\/\/www.caririemacao.com\/1\/wp-json\/wp\/v2\/posts\/161663\/revisions"}],"predecessor-version":[{"id":161665,"href":"https:\/\/www.caririemacao.com\/1\/wp-json\/wp\/v2\/posts\/161663\/revisions\/161665"}],"wp:featuredmedia":[{"embeddable":true,"href":"https:\/\/www.caririemacao.com\/1\/wp-json\/wp\/v2\/media\/161664"}],"wp:attachment":[{"href":"https:\/\/www.caririemacao.com\/1\/wp-json\/wp\/v2\/media?parent=161663"}],"wp:term":[{"taxonomy":"category","embeddable":true,"href":"https:\/\/www.caririemacao.com\/1\/wp-json\/wp\/v2\/categories?post=161663"},{"taxonomy":"post_tag","embeddable":true,"href":"https:\/\/www.caririemacao.com\/1\/wp-json\/wp\/v2\/tags?post=161663"}],"curies":[{"name":"wp","href":"https:\/\/api.w.org\/{rel}","templated":true}]}}