{"id":161666,"date":"2020-04-01T17:51:00","date_gmt":"2020-04-01T20:51:00","guid":{"rendered":"http:\/\/www.caririemacao.com\/1\/?p=161666"},"modified":"2020-04-01T17:53:07","modified_gmt":"2020-04-01T20:53:07","slug":"vereador-nilson-das-seis-casas-parabeniza-sume-pelos-69-anos","status":"publish","type":"post","link":"https:\/\/www.caririemacao.com\/1\/2020\/04\/01\/vereador-nilson-das-seis-casas-parabeniza-sume-pelos-69-anos\/","title":{"rendered":"Vereador Nilson das 6 Casas parabeniza Sum\u00e9 pelos 69 anos"},"content":{"rendered":"\n<p>O vereador sumeense, Nilson das 6 Casas, usou suas redes sociais para parabenizar o Munic\u00edpio de Sum\u00e9, que est\u00e1 completando 69 anos de Emancipa\u00e7\u00e3o Pol\u00edcia, nesta quarta-feira (01). <\/p>\n\n\n\n<p>O vereador deseja a toda a popula\u00e7\u00e3o sumeense, muita paz e progresso. &#8220;E que juntos iremos continuar trabalhando para melhorar a vida da popula\u00e7\u00e3o sumeense&#8221;, afirmou Nilson.  <\/p>\n\n\n\n<p><\/p>\n","protected":false},"excerpt":{"rendered":"<p>O vereador sumeense, Nilson das 6 Casas, usou suas redes sociais para parabenizar o Munic\u00edpio de Sum\u00e9, que est\u00e1 completando 69 anos de Emancipa\u00e7\u00e3o Pol\u00edcia,&hellip; <\/p>\n","protected":false},"author":1,"featured_media":161667,"comment_status":"closed","ping_status":"closed","sticky":false,"template":"","format":"standard","meta":{"sfsi_plus_gutenberg_text_before_share":"","sfsi_plus_gutenberg_show_text_before_share":"","sfsi_plus_gutenberg_icon_type":"","sfsi_plus_gutenberg_icon_alignemt":"","sfsi_plus_gutenburg_max_per_row":"","footnotes":""},"categories":[6,50],"tags":[],"class_list":["post-161666","post","type-post","status-publish","format-standard","has-post-thumbnail","hentry","category-cidades","category-destaque"],"_links":{"self":[{"href":"https:\/\/www.caririemacao.com\/1\/wp-json\/wp\/v2\/posts\/161666","targetHints":{"allow":["GET"]}}],"collection":[{"href":"https:\/\/www.caririemacao.com\/1\/wp-json\/wp\/v2\/posts"}],"about":[{"href":"https:\/\/www.caririemacao.com\/1\/wp-json\/wp\/v2\/types\/post"}],"author":[{"embeddable":true,"href":"https:\/\/www.caririemacao.com\/1\/wp-json\/wp\/v2\/users\/1"}],"replies":[{"embeddable":true,"href":"https:\/\/www.caririemacao.com\/1\/wp-json\/wp\/v2\/comments?post=161666"}],"version-history":[{"count":2,"href":"https:\/\/www.caririemacao.com\/1\/wp-json\/wp\/v2\/posts\/161666\/revisions"}],"predecessor-version":[{"id":161669,"href":"https:\/\/www.caririemacao.com\/1\/wp-json\/wp\/v2\/posts\/161666\/revisions\/161669"}],"wp:featuredmedia":[{"embeddable":true,"href":"https:\/\/www.caririemacao.com\/1\/wp-json\/wp\/v2\/media\/161667"}],"wp:attachment":[{"href":"https:\/\/www.caririemacao.com\/1\/wp-json\/wp\/v2\/media?parent=161666"}],"wp:term":[{"taxonomy":"category","embeddable":true,"href":"https:\/\/www.caririemacao.com\/1\/wp-json\/wp\/v2\/categories?post=161666"},{"taxonomy":"post_tag","embeddable":true,"href":"https:\/\/www.caririemacao.com\/1\/wp-json\/wp\/v2\/tags?post=161666"}],"curies":[{"name":"wp","href":"https:\/\/api.w.org\/{rel}","templated":true}]}}