{"id":161680,"date":"2020-04-02T05:30:51","date_gmt":"2020-04-02T08:30:51","guid":{"rendered":"http:\/\/www.caririemacao.com\/1\/?p=161680"},"modified":"2020-04-02T05:30:52","modified_gmt":"2020-04-02T08:30:52","slug":"prefeito-jefferson-roberto-publica-novo-decreto-libera-realizacao-de-obras-publicas-e-reabertura-de-alguns-comercios","status":"publish","type":"post","link":"https:\/\/www.caririemacao.com\/1\/2020\/04\/02\/prefeito-jefferson-roberto-publica-novo-decreto-libera-realizacao-de-obras-publicas-e-reabertura-de-alguns-comercios\/","title":{"rendered":"Prefeito Jefferson Roberto publica novo decreto, libera realiza\u00e7\u00e3o de obras p\u00fablicas e reabertura de alguns com\u00e9rcios"},"content":{"rendered":"\n<p>O prefeito de S\u00e3o Jos\u00e9 dos Cordeiros, Jefferson Roberto, publicou novo decreto de n\u00famero 008\/2020 onde disp\u00f5e de medidas no enfrentamento ao Covid-19. Pelas novas regras, ficam liberadas a realiza\u00e7\u00e3o de obras p\u00fablicas no \u00e2mbito do munic\u00edpio, como ainda est\u00e3o autorizadas a reabrirem alguns estabelecimentos comerciais e institui\u00e7\u00f5es financeiras.<\/p>\n\n\n\n<p>Pelo decreto, as casas lot\u00e9ricas e postos de atendimento banc\u00e1rio est\u00e3o liberadas para funcionar, desde que tomando as medidas adequadas de distanciamento entre os clientes.<\/p>\n\n\n\n<p>O prefeito Jefferson Roberto ainda autorizou as empresas respons\u00e1veis pela constru\u00e7\u00e3o da Escola Municipal e do a\u00e7ude do Cazuzinha a continuar com as obras, restringindo o trabalho de funcion\u00e1rios com mais de 60 anos, que tenham doen\u00e7as respirat\u00f3rias, gestantes e outras recomenda\u00e7\u00f5es.<\/p>\n\n\n\n<p>Os supermercados e estabelecimentos cong\u00eaneres podem funcionar, desde que tamb\u00e9m respeitem algumas regras, tais como: realizar controle de acesso a uma pessoa por fam\u00edlia e limita\u00e7\u00e3o do n\u00famero de clientes dentro do estabelecimento.<\/p>\n\n\n\n<p>Jefferson Roberto destacou que os decretos ser\u00e3o atualizados permanentemente visando a sa\u00fade da popula\u00e7\u00e3o e a preven\u00e7\u00e3o a pandemia, que tem deixado todo o Pa\u00eds e o mundo em alerta. \u201cMeu conselho principal a todos \u00e9 o de que fiquem em casa. Este tempo vai passar e precisamos sofrer o menor dos efeitos poss\u00edveis\u201d, finalizou.<\/p>\n","protected":false},"excerpt":{"rendered":"<p>O prefeito de S\u00e3o Jos\u00e9 dos Cordeiros, Jefferson Roberto, publicou novo decreto de n\u00famero 008\/2020 onde disp\u00f5e de medidas no enfrentamento ao Covid-19. Pelas novas&hellip; <\/p>\n","protected":false},"author":2,"featured_media":161681,"comment_status":"closed","ping_status":"closed","sticky":false,"template":"","format":"standard","meta":{"sfsi_plus_gutenberg_text_before_share":"","sfsi_plus_gutenberg_show_text_before_share":"","sfsi_plus_gutenberg_icon_type":"","sfsi_plus_gutenberg_icon_alignemt":"","sfsi_plus_gutenburg_max_per_row":"","footnotes":""},"categories":[2],"tags":[],"class_list":["post-161680","post","type-post","status-publish","format-standard","has-post-thumbnail","hentry","category-geral"],"_links":{"self":[{"href":"https:\/\/www.caririemacao.com\/1\/wp-json\/wp\/v2\/posts\/161680","targetHints":{"allow":["GET"]}}],"collection":[{"href":"https:\/\/www.caririemacao.com\/1\/wp-json\/wp\/v2\/posts"}],"about":[{"href":"https:\/\/www.caririemacao.com\/1\/wp-json\/wp\/v2\/types\/post"}],"author":[{"embeddable":true,"href":"https:\/\/www.caririemacao.com\/1\/wp-json\/wp\/v2\/users\/2"}],"replies":[{"embeddable":true,"href":"https:\/\/www.caririemacao.com\/1\/wp-json\/wp\/v2\/comments?post=161680"}],"version-history":[{"count":1,"href":"https:\/\/www.caririemacao.com\/1\/wp-json\/wp\/v2\/posts\/161680\/revisions"}],"predecessor-version":[{"id":161682,"href":"https:\/\/www.caririemacao.com\/1\/wp-json\/wp\/v2\/posts\/161680\/revisions\/161682"}],"wp:featuredmedia":[{"embeddable":true,"href":"https:\/\/www.caririemacao.com\/1\/wp-json\/wp\/v2\/media\/161681"}],"wp:attachment":[{"href":"https:\/\/www.caririemacao.com\/1\/wp-json\/wp\/v2\/media?parent=161680"}],"wp:term":[{"taxonomy":"category","embeddable":true,"href":"https:\/\/www.caririemacao.com\/1\/wp-json\/wp\/v2\/categories?post=161680"},{"taxonomy":"post_tag","embeddable":true,"href":"https:\/\/www.caririemacao.com\/1\/wp-json\/wp\/v2\/tags?post=161680"}],"curies":[{"name":"wp","href":"https:\/\/api.w.org\/{rel}","templated":true}]}}