{"id":161683,"date":"2020-04-02T05:33:33","date_gmt":"2020-04-02T08:33:33","guid":{"rendered":"http:\/\/www.caririemacao.com\/1\/?p=161683"},"modified":"2020-04-02T05:33:35","modified_gmt":"2020-04-02T08:33:35","slug":"agevisa-autoriza-venda-de-alcool-70-nas-farmacias-e-supermercados-da-paraiba","status":"publish","type":"post","link":"https:\/\/www.caririemacao.com\/1\/2020\/04\/02\/agevisa-autoriza-venda-de-alcool-70-nas-farmacias-e-supermercados-da-paraiba\/","title":{"rendered":"Agevisa autoriza venda de \u00e1lcool 70% nas farm\u00e1cias e supermercados da Para\u00edba"},"content":{"rendered":"\n<p>As redes de farm\u00e1cias e os supermercados em atividade no territ\u00f3rio paraibano poder\u00e3o comercializar \u00e1lcool a 70% produzido por empresas regulares sujeitas \u00e0 fiscaliza\u00e7\u00e3o da Ag\u00eancia Estadual de Vigil\u00e2ncia Sanit\u00e1ria (Agevisa) e \u00e0s regras de qualidade de produ\u00e7\u00e3o e rotulagem definidas pela legisla\u00e7\u00e3o sanit\u00e1ria nacional.<\/p>\n\n\n\n<p>A autoriza\u00e7\u00e3o, de car\u00e1ter excepcional, tempor\u00e1rio e emergencial, est\u00e1 expressa na Nota T\u00e9cnica n\u00ba 01\/2020, assinada pela diretora-geral da Agevisa\/PB, J\u00f3ria Viana Guerreiro, e publicada na manh\u00e3 desta quarta-feira (01).<\/p>\n\n\n\n<p>Conforme informou a diretora J\u00f3ria Guerreiro, a autoriza\u00e7\u00e3o tem validade enquanto durar a vig\u00eancia da Resolu\u00e7\u00e3o de Diretoria Colegiada (RDC) n\u00ba 350, de 19 de mar\u00e7o de 2020, da Anvisa, que \u201cdefine os crit\u00e9rios e os procedimentos extraordin\u00e1rios e tempor\u00e1rios para a fabrica\u00e7\u00e3o e comercializa\u00e7\u00e3o de prepara\u00e7\u00f5es antiss\u00e9pticas ou sanitizantes oficinais sem pr\u00e9via autoriza\u00e7\u00e3o da Anvisa, em virtude da emerg\u00eancia de sa\u00fade p\u00fablica internacional relacionada ao SARS-CoV-2\u201d.<\/p>\n\n\n\n<p>A Nota T\u00e9cnica n\u00ba 01\/2020\/Agevisa\/PB est\u00e1 dispon\u00edvel no endere\u00e7o&nbsp;<a href=\"https:\/\/agevisa.pb.gov.br\/legislacao\" target=\"_blank\" rel=\"noreferrer noopener\">agevisa.pb.gov.br\/legislacao<\/a>&nbsp;e tem por base o Estado de Emerg\u00eancia em Sa\u00fade P\u00fablica de Import\u00e2ncia Nacional (ESPIN) decretado pelo Minist\u00e9rio da Sa\u00fade por meio da Portaria n\u00ba 188, de 03 de janeiro de 2020, em virtude da dissemina\u00e7\u00e3o global da infec\u00e7\u00e3o humana pelo coronav\u00edrus (Covid-19), conforme decreto n\u00ba 7.616 de 17 de novembro de 2011; a declara\u00e7\u00e3o da condi\u00e7\u00e3o de transmiss\u00e3o pand\u00eamica sustentada da infec\u00e7\u00e3o humana pela coronav\u00edrus, anunciada pela Organiza\u00e7\u00e3o Mundial de Sa\u00fade em 11 de mar\u00e7o de 2020, e a confirma\u00e7\u00e3o de casos de coronav\u00edrus humano na Para\u00edba e em Estados circunvizinhos como Cear\u00e1, Pernambuco e Rio Grande do Norte.<\/p>\n\n\n\n<p>A decis\u00e3o da Agevisa\/PB tem sustenta\u00e7\u00e3o tamb\u00e9m no Decreto Estadual n\u00ba 40.122, de 13 de mar\u00e7o de 2020, que declara Situa\u00e7\u00e3o de Emerg\u00eancia no Estado da Para\u00edba, assinado pelo governador Jo\u00e3o Azev\u00eado; na Normativa n\u00ba 01, de 17 de mar\u00e7o de 2020, do Governo da Para\u00edba, que estabelece plano de resposta efetivo \u00e0 atual condi\u00e7\u00e3o de sa\u00fade de ampla repercuss\u00e3o populacional, e no Decreto Estadual n\u00ba 40.135, de 20 de mar\u00e7o de 2020, que disp\u00f5e sobre a ado\u00e7\u00e3o, no \u00e2mbito da Administra\u00e7\u00e3o P\u00fablica direta e indireta, de medidas tempor\u00e1rias e emergenciais de preven\u00e7\u00e3o de cont\u00e1gio pelo coronav\u00edrus, bem como sobre recomenda\u00e7\u00f5es aos munic\u00edpios e ao setor privado estadual.<\/p>\n\n\n\n<p>Tamb\u00e9m d\u00e1 suporte \u00e0 Nota T\u00e9cnica n\u00ba 01\/2020\/Agevisa\/PB a decis\u00e3o liminar proferida pelo ministro Marco Aur\u00e9lio, do Supremo Tribunal Federal (STF), em an\u00e1lise \u00e0 A\u00e7\u00e3o Direta de Inconstitucionalidade (ADI) 6341.<\/p>\n\n\n\n<p>Na decis\u00e3o, o ministro declarou que as medidas adotadas pelo Governo Federal, por meio da Medida Provis\u00f3ria (MP) 926\/2020, para o enfrentamento do novo coronav\u00edrus n\u00e3o afastam a compet\u00eancia concorrente nem a tomada de provid\u00eancias normativas e administrativas pelos Estados, pelo Distrito Federal e pelos munic\u00edpios.<\/p>\n\n\n\n<p>A decis\u00e3o da Agevisa de autorizar a comercializa\u00e7\u00e3o do \u00e1lcool a 70% nas farm\u00e1cias e supermercados em atividade na Para\u00edba se baseou ainda nos seguintes instrumentos legais: Lei Federal n\u00ba 13.979, de 6 de fevereiro de 2020, que autoriza os gestores locais de sa\u00fade a adotar medidas necess\u00e1rias para conten\u00e7\u00e3o do Coronav\u00edrus (Art. 3\u00ba, \u00a7 7\u00ba, III); RDC n\u00ba 350, de 19 de mar\u00e7o de 2020\/Anvisa, que define os crit\u00e9rios e os procedimentos extraordin\u00e1rios e tempor\u00e1rios para a fabrica\u00e7\u00e3o e comercializa\u00e7\u00e3o de prepara\u00e7\u00f5es antiss\u00e9pticas ou sanitizantes oficinais sem pr\u00e9via autoriza\u00e7\u00e3o da Anvisa, e a Nota T\u00e9cnica n\u00ba 03\/2020\/ Anvisa, que apresenta as orienta\u00e7\u00f5es gerais para doa\u00e7\u00e3o de \u00e1lcool 70%.<\/p>\n","protected":false},"excerpt":{"rendered":"<p>As redes de farm\u00e1cias e os supermercados em atividade no territ\u00f3rio paraibano poder\u00e3o comercializar \u00e1lcool a 70% produzido por empresas regulares sujeitas \u00e0 fiscaliza\u00e7\u00e3o da&hellip; <\/p>\n","protected":false},"author":2,"featured_media":161684,"comment_status":"closed","ping_status":"closed","sticky":false,"template":"","format":"standard","meta":{"sfsi_plus_gutenberg_text_before_share":"","sfsi_plus_gutenberg_show_text_before_share":"","sfsi_plus_gutenberg_icon_type":"","sfsi_plus_gutenberg_icon_alignemt":"","sfsi_plus_gutenburg_max_per_row":"","footnotes":""},"categories":[16],"tags":[],"class_list":["post-161683","post","type-post","status-publish","format-standard","has-post-thumbnail","hentry","category-saude"],"_links":{"self":[{"href":"https:\/\/www.caririemacao.com\/1\/wp-json\/wp\/v2\/posts\/161683","targetHints":{"allow":["GET"]}}],"collection":[{"href":"https:\/\/www.caririemacao.com\/1\/wp-json\/wp\/v2\/posts"}],"about":[{"href":"https:\/\/www.caririemacao.com\/1\/wp-json\/wp\/v2\/types\/post"}],"author":[{"embeddable":true,"href":"https:\/\/www.caririemacao.com\/1\/wp-json\/wp\/v2\/users\/2"}],"replies":[{"embeddable":true,"href":"https:\/\/www.caririemacao.com\/1\/wp-json\/wp\/v2\/comments?post=161683"}],"version-history":[{"count":1,"href":"https:\/\/www.caririemacao.com\/1\/wp-json\/wp\/v2\/posts\/161683\/revisions"}],"predecessor-version":[{"id":161685,"href":"https:\/\/www.caririemacao.com\/1\/wp-json\/wp\/v2\/posts\/161683\/revisions\/161685"}],"wp:featuredmedia":[{"embeddable":true,"href":"https:\/\/www.caririemacao.com\/1\/wp-json\/wp\/v2\/media\/161684"}],"wp:attachment":[{"href":"https:\/\/www.caririemacao.com\/1\/wp-json\/wp\/v2\/media?parent=161683"}],"wp:term":[{"taxonomy":"category","embeddable":true,"href":"https:\/\/www.caririemacao.com\/1\/wp-json\/wp\/v2\/categories?post=161683"},{"taxonomy":"post_tag","embeddable":true,"href":"https:\/\/www.caririemacao.com\/1\/wp-json\/wp\/v2\/tags?post=161683"}],"curies":[{"name":"wp","href":"https:\/\/api.w.org\/{rel}","templated":true}]}}