{"id":161689,"date":"2020-04-02T05:38:05","date_gmt":"2020-04-02T08:38:05","guid":{"rendered":"http:\/\/www.caririemacao.com\/1\/?p=161689"},"modified":"2020-04-02T05:38:08","modified_gmt":"2020-04-02T08:38:08","slug":"muda-prazo-para-entrega-da-declaracao-do-imposto-de-renda","status":"publish","type":"post","link":"https:\/\/www.caririemacao.com\/1\/2020\/04\/02\/muda-prazo-para-entrega-da-declaracao-do-imposto-de-renda\/","title":{"rendered":"Muda prazo para entrega da declara\u00e7\u00e3o do Imposto de Renda"},"content":{"rendered":"\n<p>&nbsp;O governo adiou por dois meses o prazo de entrega da declara\u00e7\u00e3o do Imposto de Renda por causa da pandemia do coronav\u00edrus.<\/p>\n\n\n\n<p>O prazo foi postergado de 30 de abril para 30 de junho.<\/p>\n\n\n\n<p>O secret\u00e1rio especial da Receita Federal, Jos\u00e9 Barroso Tostes Neto, afirmou nesta quarta-feira (1) que a medida foi tomada ap\u00f3s ele receber relatos de contribuintes de problemas para fazer a declara\u00e7\u00e3o.<\/p>\n\n\n\n<p>Como exemplo, citou situa\u00e7\u00f5es em que contribuintes est\u00e3o confinados em casa enquanto os documentos necess\u00e1rios est\u00e3o no escrit\u00f3rio ou na empresa.<\/p>\n\n\n\n<p>\u201cH\u00e1 dificuldade moment\u00e2nea de ter acesso a documentos necess\u00e1rios. Considerando isso, tomamos essa decis\u00e3o\u201d, disse.<\/p>\n","protected":false},"excerpt":{"rendered":"<p>&nbsp;O governo adiou por dois meses o prazo de entrega da declara\u00e7\u00e3o do Imposto de Renda por causa da pandemia do coronav\u00edrus. O prazo foi&hellip; <\/p>\n","protected":false},"author":2,"featured_media":161690,"comment_status":"closed","ping_status":"closed","sticky":false,"template":"","format":"standard","meta":{"sfsi_plus_gutenberg_text_before_share":"","sfsi_plus_gutenberg_show_text_before_share":"","sfsi_plus_gutenberg_icon_type":"","sfsi_plus_gutenberg_icon_alignemt":"","sfsi_plus_gutenburg_max_per_row":"","footnotes":""},"categories":[2],"tags":[],"class_list":["post-161689","post","type-post","status-publish","format-standard","has-post-thumbnail","hentry","category-geral"],"_links":{"self":[{"href":"https:\/\/www.caririemacao.com\/1\/wp-json\/wp\/v2\/posts\/161689","targetHints":{"allow":["GET"]}}],"collection":[{"href":"https:\/\/www.caririemacao.com\/1\/wp-json\/wp\/v2\/posts"}],"about":[{"href":"https:\/\/www.caririemacao.com\/1\/wp-json\/wp\/v2\/types\/post"}],"author":[{"embeddable":true,"href":"https:\/\/www.caririemacao.com\/1\/wp-json\/wp\/v2\/users\/2"}],"replies":[{"embeddable":true,"href":"https:\/\/www.caririemacao.com\/1\/wp-json\/wp\/v2\/comments?post=161689"}],"version-history":[{"count":1,"href":"https:\/\/www.caririemacao.com\/1\/wp-json\/wp\/v2\/posts\/161689\/revisions"}],"predecessor-version":[{"id":161691,"href":"https:\/\/www.caririemacao.com\/1\/wp-json\/wp\/v2\/posts\/161689\/revisions\/161691"}],"wp:featuredmedia":[{"embeddable":true,"href":"https:\/\/www.caririemacao.com\/1\/wp-json\/wp\/v2\/media\/161690"}],"wp:attachment":[{"href":"https:\/\/www.caririemacao.com\/1\/wp-json\/wp\/v2\/media?parent=161689"}],"wp:term":[{"taxonomy":"category","embeddable":true,"href":"https:\/\/www.caririemacao.com\/1\/wp-json\/wp\/v2\/categories?post=161689"},{"taxonomy":"post_tag","embeddable":true,"href":"https:\/\/www.caririemacao.com\/1\/wp-json\/wp\/v2\/tags?post=161689"}],"curies":[{"name":"wp","href":"https:\/\/api.w.org\/{rel}","templated":true}]}}