{"id":161695,"date":"2020-04-02T05:43:19","date_gmt":"2020-04-02T08:43:19","guid":{"rendered":"http:\/\/www.caririemacao.com\/1\/?p=161695"},"modified":"2020-04-02T05:43:21","modified_gmt":"2020-04-02T08:43:21","slug":"diante-de-pandemia-governador-prepara-anuncio-de-medidas-economicas-e-sociais","status":"publish","type":"post","link":"https:\/\/www.caririemacao.com\/1\/2020\/04\/02\/diante-de-pandemia-governador-prepara-anuncio-de-medidas-economicas-e-sociais\/","title":{"rendered":"Diante de pandemia, governador prepara an\u00fancio de medidas econ\u00f4micas e sociais"},"content":{"rendered":"\n<p>O governador Jo\u00e3o Azev\u00eado ir\u00e1 anunciar, nesta quinta-feira (2), \u00e0s 10h, durante transmiss\u00e3o ao vivo em seus perfis no Instagram (<a href=\"https:\/\/www.instagram.com\/joaoazevedolins\/\" target=\"_blank\" rel=\"noreferrer noopener\">@joaoazevedolins<\/a>) e no Facebook (<a href=\"https:\/\/www.facebook.com\/joaoazevedolins\" target=\"_blank\" rel=\"noreferrer noopener\">https:\/\/www.facebook.com\/joaoazevedolins<\/a>), bem como no perfil oficial do Governo da Para\u00edba no Facebook (<a href=\"https:\/\/www.facebook.com\/GovernoParaiba\/\" target=\"_blank\" rel=\"noreferrer noopener\">https:\/\/www.facebook.com\/GovernoParaiba\/<\/a>), uma s\u00e9rie de medidas econ\u00f4micas e sociais para auxiliar as pessoas em situa\u00e7\u00e3o de vulnerabilidade, al\u00e9m de microempreendedores e trabalhadores informais, que precisaram suspender suas atividades em decorr\u00eancia da pandemia do coronav\u00edrus, que exigiu dos governos a ado\u00e7\u00e3o de medidas restritivas e o isolamento social para evitar a propaga\u00e7\u00e3o da doen\u00e7a.<\/p>\n\n\n\n<p>Ele j\u00e1 antecipou que as medidas econ\u00f4micas tamb\u00e9m v\u00e3o contemplar empres\u00e1rios e trabalhadores que enviaram of\u00edcios ao Governo e foram ouvidos por meio de suas representa\u00e7\u00f5es classistas, envolvendo diversas \u00e1reas da economia.<\/p>\n\n\n\n<p>\u201cN\u00f3s vamos fazer essa implanta\u00e7\u00e3o desde agora para que as coisas se materializem da maneira mais r\u00e1pida poss\u00edvel, protegendo e incentivando diversos segmentos da popula\u00e7\u00e3o\u201d, disse o governador.<br><\/p>\n","protected":false},"excerpt":{"rendered":"<p>O governador Jo\u00e3o Azev\u00eado ir\u00e1 anunciar, nesta quinta-feira (2), \u00e0s 10h, durante transmiss\u00e3o ao vivo em seus perfis no Instagram (@joaoazevedolins) e no Facebook (https:\/\/www.facebook.com\/joaoazevedolins),&hellip; <\/p>\n","protected":false},"author":2,"featured_media":161696,"comment_status":"closed","ping_status":"closed","sticky":false,"template":"","format":"standard","meta":{"sfsi_plus_gutenberg_text_before_share":"","sfsi_plus_gutenberg_show_text_before_share":"","sfsi_plus_gutenberg_icon_type":"","sfsi_plus_gutenberg_icon_alignemt":"","sfsi_plus_gutenburg_max_per_row":"","footnotes":""},"categories":[2],"tags":[],"class_list":["post-161695","post","type-post","status-publish","format-standard","has-post-thumbnail","hentry","category-geral"],"_links":{"self":[{"href":"https:\/\/www.caririemacao.com\/1\/wp-json\/wp\/v2\/posts\/161695","targetHints":{"allow":["GET"]}}],"collection":[{"href":"https:\/\/www.caririemacao.com\/1\/wp-json\/wp\/v2\/posts"}],"about":[{"href":"https:\/\/www.caririemacao.com\/1\/wp-json\/wp\/v2\/types\/post"}],"author":[{"embeddable":true,"href":"https:\/\/www.caririemacao.com\/1\/wp-json\/wp\/v2\/users\/2"}],"replies":[{"embeddable":true,"href":"https:\/\/www.caririemacao.com\/1\/wp-json\/wp\/v2\/comments?post=161695"}],"version-history":[{"count":1,"href":"https:\/\/www.caririemacao.com\/1\/wp-json\/wp\/v2\/posts\/161695\/revisions"}],"predecessor-version":[{"id":161697,"href":"https:\/\/www.caririemacao.com\/1\/wp-json\/wp\/v2\/posts\/161695\/revisions\/161697"}],"wp:featuredmedia":[{"embeddable":true,"href":"https:\/\/www.caririemacao.com\/1\/wp-json\/wp\/v2\/media\/161696"}],"wp:attachment":[{"href":"https:\/\/www.caririemacao.com\/1\/wp-json\/wp\/v2\/media?parent=161695"}],"wp:term":[{"taxonomy":"category","embeddable":true,"href":"https:\/\/www.caririemacao.com\/1\/wp-json\/wp\/v2\/categories?post=161695"},{"taxonomy":"post_tag","embeddable":true,"href":"https:\/\/www.caririemacao.com\/1\/wp-json\/wp\/v2\/tags?post=161695"}],"curies":[{"name":"wp","href":"https:\/\/api.w.org\/{rel}","templated":true}]}}