{"id":161699,"date":"2020-04-02T06:21:29","date_gmt":"2020-04-02T09:21:29","guid":{"rendered":"http:\/\/www.caririemacao.com\/1\/?p=161699"},"modified":"2020-04-02T06:21:32","modified_gmt":"2020-04-02T09:21:32","slug":"sobe-o-numero-de-casos-confirmados-de-covid-19-na-paraiba","status":"publish","type":"post","link":"https:\/\/www.caririemacao.com\/1\/2020\/04\/02\/sobe-o-numero-de-casos-confirmados-de-covid-19-na-paraiba\/","title":{"rendered":"Sobe o n\u00famero de casos confirmados de Covid-19 na Para\u00edba"},"content":{"rendered":"\n<p>A Secretaria de Estado da Sa\u00fade informou que mais um caso de Covid-19, doen\u00e7a provocada pelo novo coronav\u00edrus, foi confirmada nesta quarta-feira, 1<\/p>\n\n\n\n<p>Trata-se de um homem de 42 anos, residente do munic\u00edpio de Jo\u00e3o Pessoa. O paciente encontra-se em isolamento domiciliar, acompanhado pela vigil\u00e2ncia municipal.<\/p>\n\n\n\n<p>Com este resultado, a Para\u00edba passa a contabilizar 21 casos confirmados, distribu\u00eddos por seis munic\u00edpios (Jo\u00e3o Pessoa, Campina Grande, Cabedelo, Patos, Sousa e Igaracy).<\/p>\n\n\n\n<p>No momento, 25 pacientes est\u00e3o internados em UTI e 90 em leitos de isolamento, seguindo em investiga\u00e7\u00e3o para Covid-19.<\/p>\n\n\n\n<p>Dos casos confirmados, dois encontram-se hospitalizados, tr\u00eas j\u00e1 se recuperaram e 16 seguem em isolamento domiciliar.<\/p>\n\n\n\n<p>O total de casos descartados \u00e9 de 424. At\u00e9 o momento, apenas um \u00f3bito confirmado para a doen\u00e7a.<\/p>\n","protected":false},"excerpt":{"rendered":"<p>A Secretaria de Estado da Sa\u00fade informou que mais um caso de Covid-19, doen\u00e7a provocada pelo novo coronav\u00edrus, foi confirmada nesta quarta-feira, 1 Trata-se de&hellip; <\/p>\n","protected":false},"author":2,"featured_media":161700,"comment_status":"closed","ping_status":"closed","sticky":false,"template":"","format":"standard","meta":{"sfsi_plus_gutenberg_text_before_share":"","sfsi_plus_gutenberg_show_text_before_share":"","sfsi_plus_gutenberg_icon_type":"","sfsi_plus_gutenberg_icon_alignemt":"","sfsi_plus_gutenburg_max_per_row":"","footnotes":""},"categories":[2],"tags":[],"class_list":["post-161699","post","type-post","status-publish","format-standard","has-post-thumbnail","hentry","category-geral"],"_links":{"self":[{"href":"https:\/\/www.caririemacao.com\/1\/wp-json\/wp\/v2\/posts\/161699","targetHints":{"allow":["GET"]}}],"collection":[{"href":"https:\/\/www.caririemacao.com\/1\/wp-json\/wp\/v2\/posts"}],"about":[{"href":"https:\/\/www.caririemacao.com\/1\/wp-json\/wp\/v2\/types\/post"}],"author":[{"embeddable":true,"href":"https:\/\/www.caririemacao.com\/1\/wp-json\/wp\/v2\/users\/2"}],"replies":[{"embeddable":true,"href":"https:\/\/www.caririemacao.com\/1\/wp-json\/wp\/v2\/comments?post=161699"}],"version-history":[{"count":1,"href":"https:\/\/www.caririemacao.com\/1\/wp-json\/wp\/v2\/posts\/161699\/revisions"}],"predecessor-version":[{"id":161701,"href":"https:\/\/www.caririemacao.com\/1\/wp-json\/wp\/v2\/posts\/161699\/revisions\/161701"}],"wp:featuredmedia":[{"embeddable":true,"href":"https:\/\/www.caririemacao.com\/1\/wp-json\/wp\/v2\/media\/161700"}],"wp:attachment":[{"href":"https:\/\/www.caririemacao.com\/1\/wp-json\/wp\/v2\/media?parent=161699"}],"wp:term":[{"taxonomy":"category","embeddable":true,"href":"https:\/\/www.caririemacao.com\/1\/wp-json\/wp\/v2\/categories?post=161699"},{"taxonomy":"post_tag","embeddable":true,"href":"https:\/\/www.caririemacao.com\/1\/wp-json\/wp\/v2\/tags?post=161699"}],"curies":[{"name":"wp","href":"https:\/\/api.w.org\/{rel}","templated":true}]}}