{"id":161705,"date":"2020-04-02T06:25:23","date_gmt":"2020-04-02T09:25:23","guid":{"rendered":"http:\/\/www.caririemacao.com\/1\/?p=161705"},"modified":"2020-04-02T06:25:25","modified_gmt":"2020-04-02T09:25:25","slug":"ex-presidente-lula-bolsonaro-e-o-grande-problema-que-estamos-vivendo-hoje","status":"publish","type":"post","link":"https:\/\/www.caririemacao.com\/1\/2020\/04\/02\/ex-presidente-lula-bolsonaro-e-o-grande-problema-que-estamos-vivendo-hoje\/","title":{"rendered":"Ex-presidente Lula: \u201cBolsonaro \u00e9 o grande problema que estamos vivendo hoje\u201d"},"content":{"rendered":"\n<p>&nbsp;O ex-presidente Lula (PT) criticou, nesta quarta-feira (1\u00ba), o presidente Jair Bolsonaro por, segundo o petista, n\u00e3o ter dado orienta\u00e7\u00f5es \u00e0 popula\u00e7\u00e3o sobre como agir na pandemia do novo coronav\u00edrus em seu pronunciamento na noite desta ter\u00e7a (31).<\/p>\n\n\n\n<p>\u201cO presidente utiliza n\u00e3o sei quanto tempo na TV e n\u00e3o tem uma orienta\u00e7\u00e3o para as pessoas\u201d, disse, em entrevista virtual a blogs e ve\u00edculos de imprensa de esquerda. Para o petista, falta \u201cvoz de comando\u201d da Presid\u00eancia nesta crise.<\/p>\n\n\n\n<p>O ex-presidente disse ainda que a preocupa\u00e7\u00e3o que Bolsonaro demonstrou com os pobres \u00e9 da boca para fora e cobrou que o presidente fa\u00e7a a verba da Uni\u00e3o chegar at\u00e9 os trabalhadores, para que eles possam cumprir o isolamento social.<\/p>\n\n\n\n<p>\u201cTentar defender os mais pobres, o camel\u00f4, o cara do Uber, do pequeno com\u00e9rcio\u2026 Al\u00e9m de estar defendendo esses caras da l\u00edngua pra fora. As medidas concretas beneficiaram os banqueiros, porque ele liberou R$ 200 bilh\u00f5es para os banqueiros\u201d, disse Lula.<\/p>\n\n\n\n<p>\u201cE para as pessoas pobres que est\u00e3o precisando dos R$ 600, a gente ouviu o Guedes [ministro da Economia] dizer que s\u00f3 vai ser dia 16 de abril\u201d, completou.<\/p>\n\n\n\n<p>Lula afirmou que n\u00e3o h\u00e1 problema em descumprir as regras fiscais e que Guedes deve liberar ajuda aos mais carentes j\u00e1, pois eles n\u00e3o aguentar\u00e3o 15 dias.<\/p>\n\n\n\n<p>O petista tamb\u00e9m exaltou iniciativas dos parlamentares e da sociedade civil para tecer medidas contra a pandemia.<\/p>\n\n\n\n<p>\u201cH\u00e1 uma preocupa\u00e7\u00e3o da sociedade em dar resposta \u00e0quilo que o governo n\u00e3o consegue fazer. Estamos percebendo que governo n\u00e3o se preparou para uma crise desse dessa magnitude\u201d.<\/p>\n\n\n\n<p>Lula cobrou que Bolsonaro coordene uma sa\u00edda \u00e0 crise com os entes federados e afirmou que \u201cquem est\u00e1 fazendo o trabalho mais s\u00e9rio s\u00e3o os governadores e prefeitos\u201d.<\/p>\n\n\n\n<p>\u201cEle que cumpra com seu papel de ser coordenador e libere o dinheiro logo, porque o povo est\u00e1 precisando do recurso\u201d, disse. Segundo o petista, s\u00f3 o Estado forte pode combater o v\u00edrus.<\/p>\n\n\n\n<p>Apesar de afirmar que \u201cBolsonaro \u00e9 o grande problema que estamos vivendo hoje\u201d e que \u201co governo neste instante mais atrapalha do que ajuda\u201d, Lula evitou fazer defesa expl\u00edcita de impeachment, seguindo a linha de cautela adotada pelo PT at\u00e9 agora.<\/p>\n\n\n\n<p>O ex-presidente disse que, para defender o impeachment, \u00e9 preciso crime de responsabilidade e contou que pediu \u00e0 presidente do PT, Gleisi Hoffmann, e ao ex-ministro da Justi\u00e7a Eug\u00eanio Arag\u00e3o que fizessem um estudo para verificar se Bolsonaro j\u00e1 cometeu crime de responsabilidade.<\/p>\n\n\n\n<p>\u201cN\u00e3o quero ser irrespons\u00e1vel como eles foram com a Dilma, sem ter crime de responsabilidade. Mas se tiver, temos que pressionar a C\u00e2mara\u201d, disse.<\/p>\n\n\n\n<p>Ao mesmo tempo, Lula incentivou a sa\u00edda de Bolsonaro do governo e falou em ren\u00fancia ou, voltando, mesmo impeachment. Afirmou que o presidente \u201cno fundo sabe que est\u00e1 enfraquecido aos olhos da sociedade\u201d.<\/p>\n\n\n\n<p>\u201cOu esse cidad\u00e3o renuncia ou se faz o impeachment dele com base nos crimes de responsabilidade que ele j\u00e1 cometeu\u201d, afirmou.<\/p>\n\n\n\n<p>\u201cEu estou convencido de que Bolsonaro, ou ele muda, ou ele n\u00e3o tem condi\u00e7\u00e3o de continuar\u201d, pontuou em outro momento.<\/p>\n\n\n\n<p>\u201cEu estou convencido que o Bolsonaro n\u00e3o tem estrutura psicol\u00f3gica de continuar governando o pa\u00eds. Acho que ele \u00e9 um desequilibrado, n\u00e3o fala coisa com coisa, est\u00e1 preocupado em atender ao p\u00fablico fan\u00e1tico dele, mas n\u00e3o em dar uma resposta concreta que o povo est\u00e1 precisando. O povo est\u00e1 precisando de uma orienta\u00e7\u00e3o e receber o dinheiro aprovado pelo Congresso\u201d, disse tamb\u00e9m.<\/p>\n\n\n\n<p>Lula deu a entender que o manifesto que pede a ren\u00fancia de Bolsonaro, assinado por Fernando Haddad (PT), Fl\u00e1vio Dino (PC do B), Ciro Gomes (PDT) e Guilherme Boulos (PSOL), \u00e9 um come\u00e7o para que o \u201cfora, Bolsonaro\u201d passe a ser palavra de ordem no PT.<\/p>\n\n\n\n<p>\u201cDa ren\u00fancia para o impeachment, \u00e9 um pouco. Da ren\u00fancia para o \u2018fora, Bolosnaro\u2019, \u00e9 um pouco. Na hora que tiver manifesta\u00e7\u00e3o de rua, o \u2018fora, Bolsonaro\u2019 ganha for\u00e7a\u201d, disse.<\/p>\n\n\n\n<p>Ele disse ainda que \u201cn\u00e3o era necess\u00e1rio\u201d que tamb\u00e9m tivesse assinado o manifesto. Para o petista, era importante que os candidatos a presidente na elei\u00e7\u00e3o passada e os presidentes de partidos de esquerda assinassem.<\/p>\n\n\n\n<p>O ex-presidente afirmou que h\u00e1 uma discuss\u00e3o sobre construir o pr\u00f3ximo passo caso Bolsonaro saia, se levaria a um governo do vice-presidente, Hamilton Mour\u00e3o (PRTB), ou se a novas elei\u00e7\u00f5es.<\/p>\n\n\n\n<p>Lula ressalvou, contudo, que para tra\u00e7ar esses cen\u00e1rios \u00e9 preciso for\u00e7a pol\u00edtica e que a prioridade agora \u00e9 combater o v\u00edrus, e n\u00e3o travar disputa pol\u00edtica ou buscar alterar a correla\u00e7\u00e3o de for\u00e7as do Congresso para viabilizar a sa\u00edda de Bolsonaro.<\/p>\n\n\n\n<p>\u201cPara tudo isso tem que construir for\u00e7a pol\u00edtica. E nesse instante a gente n\u00e3o tem que se preocupar com isso\u201d, afirmou.<\/p>\n\n\n\n<p>Lula tamb\u00e9m afirmou que est\u00e1 disposto a conversar com Ciro, \u201cque \u00e9 uma figura importante e deve ser levado em conta\u201d. Disse, por\u00e9m, que o pedetista queria que o ex-presidente \u201cdeixasse de convencer as pessoas a apoiar o PT para apoiar ele\u201d e que isso n\u00e3o era poss\u00edvel.<\/p>\n\n\n\n<p>No entanto, Lula recusou qualquer conversa com os ex-presidentes Fernando Henrique Cardoso (PSDB) e Michel Temer (MDB).<\/p>\n\n\n\n<p>\u201cO que eu tenho para conversar com Fernando Henrique nos dias de hoje? Ele n\u00e3o fez um \u00fanico gesto para tentar evitar o impeachment da Dilma. Ele sabe que eu sou honesto, mas n\u00e3o fez um \u00fanico gesto para me defender. [\u2026] O que eu teria para conversar com Temer? Estive com ele uma semana antes [e pediu que n\u00e3o levasse o impeachment adiante]. [\u2026] S\u00e3o pessoas que eu n\u00e3o me vejo conversando\u201d.<\/p>\n\n\n\n<p>A respeito da elei\u00e7\u00e3o municipal deste ano, Lula disse n\u00e3o ver problema no adiamento se a crise do coronav\u00edrus ainda estiver muito forte.<\/p>\n\n\n\n<p>O petista voltou a criticar o ministro Sergio Moro, atual ministro da Justi\u00e7a e ex-juiz da Lava Jato que o condenou, afirmando que ele mentiu, fomentado pela Rede Globo: \u201cMoro \u00e9 a pessoa mais falsa que o pa\u00eds j\u00e1 produziu. Como ministro, n\u00e3o diz a que veio e n\u00e3o est\u00e1 preparado para isso\u201d.<\/p>\n\n\n\n<p>O ex-presidente tamb\u00e9m criticou a imprensa em geral e afirmou que, na Presid\u00eancia, deveria ter consolidado a imprensa alternativa no pa\u00eds.<\/p>\n","protected":false},"excerpt":{"rendered":"<p>&nbsp;O ex-presidente Lula (PT) criticou, nesta quarta-feira (1\u00ba), o presidente Jair Bolsonaro por, segundo o petista, n\u00e3o ter dado orienta\u00e7\u00f5es \u00e0 popula\u00e7\u00e3o sobre como agir&hellip; <\/p>\n","protected":false},"author":2,"featured_media":161706,"comment_status":"closed","ping_status":"closed","sticky":false,"template":"","format":"standard","meta":{"sfsi_plus_gutenberg_text_before_share":"","sfsi_plus_gutenberg_show_text_before_share":"","sfsi_plus_gutenberg_icon_type":"","sfsi_plus_gutenberg_icon_alignemt":"","sfsi_plus_gutenburg_max_per_row":"","footnotes":""},"categories":[11],"tags":[],"class_list":["post-161705","post","type-post","status-publish","format-standard","has-post-thumbnail","hentry","category-politica"],"_links":{"self":[{"href":"https:\/\/www.caririemacao.com\/1\/wp-json\/wp\/v2\/posts\/161705","targetHints":{"allow":["GET"]}}],"collection":[{"href":"https:\/\/www.caririemacao.com\/1\/wp-json\/wp\/v2\/posts"}],"about":[{"href":"https:\/\/www.caririemacao.com\/1\/wp-json\/wp\/v2\/types\/post"}],"author":[{"embeddable":true,"href":"https:\/\/www.caririemacao.com\/1\/wp-json\/wp\/v2\/users\/2"}],"replies":[{"embeddable":true,"href":"https:\/\/www.caririemacao.com\/1\/wp-json\/wp\/v2\/comments?post=161705"}],"version-history":[{"count":1,"href":"https:\/\/www.caririemacao.com\/1\/wp-json\/wp\/v2\/posts\/161705\/revisions"}],"predecessor-version":[{"id":161707,"href":"https:\/\/www.caririemacao.com\/1\/wp-json\/wp\/v2\/posts\/161705\/revisions\/161707"}],"wp:featuredmedia":[{"embeddable":true,"href":"https:\/\/www.caririemacao.com\/1\/wp-json\/wp\/v2\/media\/161706"}],"wp:attachment":[{"href":"https:\/\/www.caririemacao.com\/1\/wp-json\/wp\/v2\/media?parent=161705"}],"wp:term":[{"taxonomy":"category","embeddable":true,"href":"https:\/\/www.caririemacao.com\/1\/wp-json\/wp\/v2\/categories?post=161705"},{"taxonomy":"post_tag","embeddable":true,"href":"https:\/\/www.caririemacao.com\/1\/wp-json\/wp\/v2\/tags?post=161705"}],"curies":[{"name":"wp","href":"https:\/\/api.w.org\/{rel}","templated":true}]}}