{"id":161709,"date":"2020-04-02T06:39:11","date_gmt":"2020-04-02T09:39:11","guid":{"rendered":"http:\/\/www.caririemacao.com\/1\/?p=161709"},"modified":"2020-04-02T06:39:13","modified_gmt":"2020-04-02T09:39:13","slug":"gremio-acerta-com-elenco-adiamento-de-parte-da-remuneracao-para-2021","status":"publish","type":"post","link":"https:\/\/www.caririemacao.com\/1\/2020\/04\/02\/gremio-acerta-com-elenco-adiamento-de-parte-da-remuneracao-para-2021\/","title":{"rendered":"Gr\u00eamio acerta com elenco adiamento de parte da remunera\u00e7\u00e3o para 2021"},"content":{"rendered":"\n<p>&nbsp;O acordo do Gr\u00eamio com os jogadores do grupo principal vai al\u00e9m das f\u00e9rias, que come\u00e7am nesta quarta (1\u00ba). O clube conseguiu a resposta positiva do elenco para adiar o pagamento do direito de imagem de quatro meses da atual temporada, justamente os mais impactados pela pandemia do novo coronav\u00edrus. Os demais meses de 2020 dever\u00e3o ser quitados dentro dos prazos.<\/p>\n\n\n\n<p>Os valores referentes aos direitos de imagem dos meses de abril, maio, junho e julho deste ano ser\u00e3o quitados em 2021. Os compromissos de agosto a dezembro dever\u00e3o ser pagos de forma ordin\u00e1ria.<\/p>\n\n\n\n<p>O fato novo no acerto gremista est\u00e1 justamente no n\u00famero de pagamentos mensais que ser\u00e3o adiados para a pr\u00f3xima temporada. O clube estima falta de fluxo de caixa de at\u00e9 R$ 25 milh\u00f5es e por isso iniciou plano de conting\u00eancia financeira.<\/p>\n\n\n\n<p>Os quatro meses de 2020 citados no acordo com o plantel englobam as semanas de futebol suspenso e abra\u00e7am tamb\u00e9m eventual per\u00edodo de retomada dos treinos. A expectativa gremista \u00e9 voltar a atuar em junho, por exemplo.<\/p>\n\n\n\n<p>A quantia total a ser paga em 2021 n\u00e3o foi revelada. O direito de imagem, por lei, pode corresponder a at\u00e9 40% dos vencimentos do jogador.<\/p>\n\n\n\n<p>A repactua\u00e7\u00e3o dos vencimentos foi iniciada na semana passada. Romildo Bolzan Jr., presidente do Gr\u00eamio, foi o respons\u00e1vel por negociar diretamente com os jogadores.<\/p>\n\n\n\n<p>A comiss\u00e3o t\u00e9cnica gremista, liberada desde 17 de mar\u00e7o, prev\u00ea que sejam necess\u00e1rias ao menos duas semanas de prepara\u00e7\u00e3o antes da volta das partidas oficiais.<br><\/p>\n","protected":false},"excerpt":{"rendered":"<p>&nbsp;O acordo do Gr\u00eamio com os jogadores do grupo principal vai al\u00e9m das f\u00e9rias, que come\u00e7am nesta quarta (1\u00ba). O clube conseguiu a resposta positiva&hellip; <\/p>\n","protected":false},"author":2,"featured_media":161710,"comment_status":"closed","ping_status":"closed","sticky":false,"template":"","format":"standard","meta":{"sfsi_plus_gutenberg_text_before_share":"","sfsi_plus_gutenberg_show_text_before_share":"","sfsi_plus_gutenberg_icon_type":"","sfsi_plus_gutenberg_icon_alignemt":"","sfsi_plus_gutenburg_max_per_row":"","footnotes":""},"categories":[2],"tags":[],"class_list":["post-161709","post","type-post","status-publish","format-standard","has-post-thumbnail","hentry","category-geral"],"_links":{"self":[{"href":"https:\/\/www.caririemacao.com\/1\/wp-json\/wp\/v2\/posts\/161709","targetHints":{"allow":["GET"]}}],"collection":[{"href":"https:\/\/www.caririemacao.com\/1\/wp-json\/wp\/v2\/posts"}],"about":[{"href":"https:\/\/www.caririemacao.com\/1\/wp-json\/wp\/v2\/types\/post"}],"author":[{"embeddable":true,"href":"https:\/\/www.caririemacao.com\/1\/wp-json\/wp\/v2\/users\/2"}],"replies":[{"embeddable":true,"href":"https:\/\/www.caririemacao.com\/1\/wp-json\/wp\/v2\/comments?post=161709"}],"version-history":[{"count":1,"href":"https:\/\/www.caririemacao.com\/1\/wp-json\/wp\/v2\/posts\/161709\/revisions"}],"predecessor-version":[{"id":161711,"href":"https:\/\/www.caririemacao.com\/1\/wp-json\/wp\/v2\/posts\/161709\/revisions\/161711"}],"wp:featuredmedia":[{"embeddable":true,"href":"https:\/\/www.caririemacao.com\/1\/wp-json\/wp\/v2\/media\/161710"}],"wp:attachment":[{"href":"https:\/\/www.caririemacao.com\/1\/wp-json\/wp\/v2\/media?parent=161709"}],"wp:term":[{"taxonomy":"category","embeddable":true,"href":"https:\/\/www.caririemacao.com\/1\/wp-json\/wp\/v2\/categories?post=161709"},{"taxonomy":"post_tag","embeddable":true,"href":"https:\/\/www.caririemacao.com\/1\/wp-json\/wp\/v2\/tags?post=161709"}],"curies":[{"name":"wp","href":"https:\/\/api.w.org\/{rel}","templated":true}]}}