{"id":161713,"date":"2020-04-02T06:42:35","date_gmt":"2020-04-02T09:42:35","guid":{"rendered":"http:\/\/www.caririemacao.com\/1\/?p=161713"},"modified":"2020-04-02T06:42:37","modified_gmt":"2020-04-02T09:42:37","slug":"grandes-clubes-juntos-em-iniciativas-por-combate-a-covid-19","status":"publish","type":"post","link":"https:\/\/www.caririemacao.com\/1\/2020\/04\/02\/grandes-clubes-juntos-em-iniciativas-por-combate-a-covid-19\/","title":{"rendered":"Grandes clubes juntos em iniciativas por combate \u00e0 Covid-19"},"content":{"rendered":"\n<p>Os quatro clubes grandes do Rio de Janeiro se uniram em uma campanha coletiva para arrecada\u00e7\u00e3o de fundos que ser\u00e3o destinados para a Fiocruz (foto), para auxiliar no combate e tratamento do novo coronav\u00edrus.<\/p>\n\n\n\n<p>Por meio do site&nbsp;<a href=\"http:\/\/www.futebolxcovid19.com.br\/\" target=\"_blank\" rel=\"noreferrer noopener\">www.futebolxcovid19.com.br<\/a>, os torcedores poder\u00e3o escolher os valores para doa\u00e7\u00e3o e cadastrar o clube do cora\u00e7\u00e3o. Ser\u00e1 poss\u00edvel acompanhar a destina\u00e7\u00e3o dos recursos.<\/p>\n\n\n\n<p>\u201c\u00c9 extremamente apropriado usar o potencial de marcas t\u00e3o fortes para uma mobiliza\u00e7\u00e3o em prol da ci\u00eancia e do bem-estar coletivo. A nossa Na\u00e7\u00e3o Rubro-Negra est\u00e1 convidada a aderir a essa a\u00e7\u00e3o nobre e de causa humanit\u00e1ria. Unidos daremos a volta por cima\u201d, disse Rodolfo Landim, presidente do Flamengo.<\/p>\n\n\n\n<p>\u201cEssa iniciativa \u00e9 bastante representativa nesse momento dif\u00edcil e o futebol carioca promove uma corrente que vai cuidar do pr\u00f3ximo e salvar vidas. O Botafogo conta com a participa\u00e7\u00e3o dos seus torcedores e reitera a import\u00e2ncia da uni\u00e3o para mitigar a propaga\u00e7\u00e3o da Covid-19. A rivalidade s\u00f3 existe dentro de campo\u201d, completou Nelson Mufarrej, mandat\u00e1rio do Botafogo.<\/p>\n\n\n\n<p>A ideia \u00e9 que o dinheiro seja aplicado em a\u00e7\u00f5es como produ\u00e7\u00e3o de kits para diagn\u00f3stico e atendimento a pessoas com casos graves.<\/p>\n\n\n\n<p>\u201cVivemos um cen\u00e1rio social bastante grave e todo apoio \u00e9 mais do que bem-vindo. A sociedade precisa dessa ajuda e o Fluminense, em conjunto com os coirm\u00e3os, finca a sua bandeira e convoca os tricolores para multiplicar essa ideia\u201d, pontuou o tricolor Mario Bittencourt.<\/p>\n\n\n\n<p>Para o vasca\u00edno Alexandre Campello, a a\u00e7\u00e3o conjunta mostra a grandeza dos rivais em um momento de crise mundial. \u201c\u00c9 uma a\u00e7\u00e3o priorit\u00e1ria e o tempo urge. Entendemos a nossa responsabilidade social e estamos sempre buscando alternativas para ajudar a enfrentar essa cr\u00edtica situa\u00e7\u00e3o. O Vasco ressalta a grandeza do futebol do Rio ao se unir pela causa\u201d.<\/p>\n","protected":false},"excerpt":{"rendered":"<p>Os quatro clubes grandes do Rio de Janeiro se uniram em uma campanha coletiva para arrecada\u00e7\u00e3o de fundos que ser\u00e3o destinados para a Fiocruz (foto),&hellip; <\/p>\n","protected":false},"author":2,"featured_media":161714,"comment_status":"closed","ping_status":"closed","sticky":false,"template":"","format":"standard","meta":{"sfsi_plus_gutenberg_text_before_share":"","sfsi_plus_gutenberg_show_text_before_share":"","sfsi_plus_gutenberg_icon_type":"","sfsi_plus_gutenberg_icon_alignemt":"","sfsi_plus_gutenburg_max_per_row":"","footnotes":""},"categories":[2],"tags":[],"class_list":["post-161713","post","type-post","status-publish","format-standard","has-post-thumbnail","hentry","category-geral"],"_links":{"self":[{"href":"https:\/\/www.caririemacao.com\/1\/wp-json\/wp\/v2\/posts\/161713","targetHints":{"allow":["GET"]}}],"collection":[{"href":"https:\/\/www.caririemacao.com\/1\/wp-json\/wp\/v2\/posts"}],"about":[{"href":"https:\/\/www.caririemacao.com\/1\/wp-json\/wp\/v2\/types\/post"}],"author":[{"embeddable":true,"href":"https:\/\/www.caririemacao.com\/1\/wp-json\/wp\/v2\/users\/2"}],"replies":[{"embeddable":true,"href":"https:\/\/www.caririemacao.com\/1\/wp-json\/wp\/v2\/comments?post=161713"}],"version-history":[{"count":1,"href":"https:\/\/www.caririemacao.com\/1\/wp-json\/wp\/v2\/posts\/161713\/revisions"}],"predecessor-version":[{"id":161715,"href":"https:\/\/www.caririemacao.com\/1\/wp-json\/wp\/v2\/posts\/161713\/revisions\/161715"}],"wp:featuredmedia":[{"embeddable":true,"href":"https:\/\/www.caririemacao.com\/1\/wp-json\/wp\/v2\/media\/161714"}],"wp:attachment":[{"href":"https:\/\/www.caririemacao.com\/1\/wp-json\/wp\/v2\/media?parent=161713"}],"wp:term":[{"taxonomy":"category","embeddable":true,"href":"https:\/\/www.caririemacao.com\/1\/wp-json\/wp\/v2\/categories?post=161713"},{"taxonomy":"post_tag","embeddable":true,"href":"https:\/\/www.caririemacao.com\/1\/wp-json\/wp\/v2\/tags?post=161713"}],"curies":[{"name":"wp","href":"https:\/\/api.w.org\/{rel}","templated":true}]}}