{"id":161723,"date":"2020-04-02T06:48:43","date_gmt":"2020-04-02T09:48:43","guid":{"rendered":"http:\/\/www.caririemacao.com\/1\/?p=161723"},"modified":"2020-04-02T06:48:44","modified_gmt":"2020-04-02T09:48:44","slug":"compra-em-massa-dos-eua-a-china-cancela-contratos-de-importacao-de-equipamentos-medicos-no-brasil-diz-mandetta","status":"publish","type":"post","link":"https:\/\/www.caririemacao.com\/1\/2020\/04\/02\/compra-em-massa-dos-eua-a-china-cancela-contratos-de-importacao-de-equipamentos-medicos-no-brasil-diz-mandetta\/","title":{"rendered":"Compra em massa dos EUA \u00e0 China cancela contratos de importa\u00e7\u00e3o de equipamentos m\u00e9dicos no Brasil, diz Mandetta"},"content":{"rendered":"\n<p>&nbsp;O ministro da Sa\u00fade, Luiz Henrique Mandetta, afirmou que compras feitas pelo Brasil de equipamentos de prote\u00e7\u00e3o individual, como m\u00e1scaras e gorros, da China &#8220;ca\u00edram&#8221; ap\u00f3s os Estados Unidos adquirirem um grande volume de produtos. Segundo Mandetta, a mesma corrida por respiradores tem ocorrido. Ele disse que &#8220;demos um passo atr\u00e1s&#8221; na aquisi\u00e7\u00e3o desses itens fundamentais ao enfrentamento ao covid-19.<br><\/p>\n\n\n\n<p>\u2014 Hoje os Estados Unidos mandaram 23 avi\u00f5es cargueiros dos maiores para a China, para levar o material que eles adquiriram. As nossas compras, que t\u00ednhamos expectativa de concretizar para poder fazer o abastecimento, muitas ca\u00edram.<\/p>\n\n\n\n<p>Mandetta disse que, no caso de respiradores, importantes para pacientes graves, fornecedores que j\u00e1 tinham sido contratados, mas disseram que n\u00e3o tinham mais estoque para atender.<\/p>\n\n\n\n<p>\u2014 N\u00f3s est\u00e1vamos comprados, t\u00ednhamos, quando come\u00e7amos a pedir. Entregaram a primeira parte. Na segunda parte, mesmo com eles contratados, assinados, com o dinheiro para pagar, quem ganhou falou: n\u00e3o tenho mais os respiradores, n\u00e3o consigo te entregar. Ent\u00e3o, n\u00f3s voltamos de algo que a gente achava que a gente j\u00e1 tinha, demos um passo para tr\u00e1s.<\/p>\n\n\n\n<p>Mandetta voltou a falar que ser\u00e1 preciso normatizar o uso de m\u00e1scaras N95, considerada mais moderna para filtrar o ar. Segundo ele, o equipamento ter\u00e1 o nome de cada profissional de sa\u00fade e ser\u00e1 esterilizada para ser usada por diversas vezes.<\/p>\n\n\n\n<p>\u2014 A gente espera que a China volte a ter uma produ\u00e7\u00e3o mais organizada, e a gente espera que os pa\u00edses que exercem o seu poder muito forte de compra j\u00e1 tenham saciado das suas necessidades para que o Brasil possa entrar e comprar a parte para proteger nosso povo.<\/p>\n","protected":false},"excerpt":{"rendered":"<p>&nbsp;O ministro da Sa\u00fade, Luiz Henrique Mandetta, afirmou que compras feitas pelo Brasil de equipamentos de prote\u00e7\u00e3o individual, como m\u00e1scaras e gorros, da China &#8220;ca\u00edram&#8221;&hellip; <\/p>\n","protected":false},"author":2,"featured_media":161724,"comment_status":"closed","ping_status":"closed","sticky":false,"template":"","format":"standard","meta":{"sfsi_plus_gutenberg_text_before_share":"","sfsi_plus_gutenberg_show_text_before_share":"","sfsi_plus_gutenberg_icon_type":"","sfsi_plus_gutenberg_icon_alignemt":"","sfsi_plus_gutenburg_max_per_row":"","footnotes":""},"categories":[16],"tags":[],"class_list":["post-161723","post","type-post","status-publish","format-standard","has-post-thumbnail","hentry","category-saude"],"_links":{"self":[{"href":"https:\/\/www.caririemacao.com\/1\/wp-json\/wp\/v2\/posts\/161723","targetHints":{"allow":["GET"]}}],"collection":[{"href":"https:\/\/www.caririemacao.com\/1\/wp-json\/wp\/v2\/posts"}],"about":[{"href":"https:\/\/www.caririemacao.com\/1\/wp-json\/wp\/v2\/types\/post"}],"author":[{"embeddable":true,"href":"https:\/\/www.caririemacao.com\/1\/wp-json\/wp\/v2\/users\/2"}],"replies":[{"embeddable":true,"href":"https:\/\/www.caririemacao.com\/1\/wp-json\/wp\/v2\/comments?post=161723"}],"version-history":[{"count":1,"href":"https:\/\/www.caririemacao.com\/1\/wp-json\/wp\/v2\/posts\/161723\/revisions"}],"predecessor-version":[{"id":161725,"href":"https:\/\/www.caririemacao.com\/1\/wp-json\/wp\/v2\/posts\/161723\/revisions\/161725"}],"wp:featuredmedia":[{"embeddable":true,"href":"https:\/\/www.caririemacao.com\/1\/wp-json\/wp\/v2\/media\/161724"}],"wp:attachment":[{"href":"https:\/\/www.caririemacao.com\/1\/wp-json\/wp\/v2\/media?parent=161723"}],"wp:term":[{"taxonomy":"category","embeddable":true,"href":"https:\/\/www.caririemacao.com\/1\/wp-json\/wp\/v2\/categories?post=161723"},{"taxonomy":"post_tag","embeddable":true,"href":"https:\/\/www.caririemacao.com\/1\/wp-json\/wp\/v2\/tags?post=161723"}],"curies":[{"name":"wp","href":"https:\/\/api.w.org\/{rel}","templated":true}]}}