{"id":161727,"date":"2020-04-02T06:49:54","date_gmt":"2020-04-02T09:49:54","guid":{"rendered":"http:\/\/www.caririemacao.com\/1\/?p=161727"},"modified":"2020-04-02T06:49:57","modified_gmt":"2020-04-02T09:49:57","slug":"o-brasil-tem-que-parar-diz-trump-ao-comentar-conversa-com-bolsonaro","status":"publish","type":"post","link":"https:\/\/www.caririemacao.com\/1\/2020\/04\/02\/o-brasil-tem-que-parar-diz-trump-ao-comentar-conversa-com-bolsonaro\/","title":{"rendered":"O Brasil tem que parar&#8217;, diz Trump ao comentar conversa com Bolsonaro"},"content":{"rendered":"\n<p>&nbsp;Durante a entrevista coletiva di\u00e1ria para prestar informa\u00e7\u00f5es sobre o combate ao coronav\u00edrus nos EUA, Donald Trump mencionou a conversa por telefone que teve com o presidente brasileiro, Jair Bolsonaro, pela manh\u00e3. Ao ser questionado sobre o telefonema por uma rep\u00f3rter, afirmou que o Brasil &#8220;precisa se fechar&#8221; e fez elogios ao governo.<br><\/p>\n\n\n\n<p>\u2014 Ele (Bolsonaro) \u00e9 um grande cara, fazendo um trabalho maravilhoso pelo Brasil. Foi um telefonema de cortesia. ele tem um problema com o v\u00edrus, nos falamos esta manh\u00e3. O Brasil est\u00e1 fechando, ele precisa se fechar. O mundo est\u00e1 fechando, alguns pa\u00edses est\u00e3o se saindo bem. Espero que possamos sair dessa mais fortes do que nunca.<\/p>\n\n\n\n<p>Em nota, divulgada depois da entrevista, a Casa Branca disse que os dois l\u00edderes &#8220;ressaltaram a import\u00e2ncia de uma coordena\u00e7\u00e3o internacional e parceria cont\u00ednua, incluindo o compromisso de trabalhar em conjunto no \u00e2mbito do G-20&#8221;.&nbsp;<\/p>\n\n\n\n<p>Sem mencionar medidas de distanciamento social, a nota afirma que &#8220;os l\u00edderes reiteraram a import\u00e2ncia de diminuir o avan\u00e7o do v\u00edrus e proteger vidas atrav\u00e9s do compartilhamento de informa\u00e7\u00f5es, maior prepara\u00e7\u00e3o e a\u00e7\u00f5es conjuntas para o desenvolvimento de vacinas e tratamentos&#8221;. Por fim, os presidentes concordaram em adotar medidas para proteger o emprego e as economias \u2014 Trump ainda agradeceu pelos esfor\u00e7os para ajudar na repatria\u00e7\u00e3o de cidad\u00e3os americanos que estavam no Brasil.<\/p>\n\n\n\n<p>Segundo o chanceler Ernesto Ara\u00fajo, o l\u00edder dos EUA se colocou \u00e0 disposi\u00e7\u00e3o para cooperar com o Brasil no que for necess\u00e1rio, incluindo em quest\u00f5es m\u00e9dicas e de log\u00edstica. Ara\u00fajo disse que os dois presidentes n\u00e3o falaram de medidas de distanciamento social ou da declara\u00e7\u00e3o dada ontem por Trump, sobre a possibilidade da Casa Branca vetar voos vindos do Brasil.<\/p>\n\n\n\n<p>\u2014 O telefonema foi basicamente para uma conversa de reconhecer o momento dif\u00edcil e de trocar essa disponibilidade de coopera\u00e7\u00e3o \u2014 afirmou o chanceler.<\/p>\n\n\n\n<p>Durante a coletiva, na Casa Branca, o l\u00edder americano n\u00e3o mencionou as acusa\u00e7\u00f5es feitas por v\u00e1rios pa\u00edses, inclusive o Brasil, de que os EUA est\u00e3o comprando em massa itens usados no combate ao coronav\u00edrus junto \u00e0 China, reduzindo a oferta global de itens como m\u00e1scaras e gorros.&nbsp;<\/p>\n\n\n\n<ul class=\"wp-block-list\"><li><a href=\"https:\/\/www.clickpb.com.br\/saude\/compra-em-massa-dos-eua-china-cancela-contratos-de-importacao-de-equipamentos-medicos-no-brasil-diz-mandetta-281340.html\"><strong>LEIA MAIS:&nbsp;<\/strong>Compra em massa dos EUA \u00e0 China cancela contratos de importa\u00e7\u00e3o de equipamentos m\u00e9dicos no Brasil, diz Mandetta<\/a><\/li><\/ul>\n\n\n\n<p>Mais cedo, o ministro da Sa\u00fade, Luiz Henrique Mandetta, disse que &#8220;demos um passo atr\u00e1s&#8221; na aquisi\u00e7\u00e3o desses itens fundamentais ao enfrentamento ao covid-19.<\/p>\n\n\n\n<p>\u2014&nbsp; Hoje os Estados Unidos mandaram 23 avi\u00f5es cargueiros dos maiores para a China, para levar o material que eles adquiriram. As nossas compras, que t\u00ednhamos expectativa de concretizar para poder fazer o abastecimento, muitas ca\u00edram \u2014 afirmou Mandetta. \u2014 A gente espera que a China volte a ter uma produ\u00e7\u00e3o mais organizada, e a gente espera que os pa\u00edses que exercem o seu poder muito forte de compra j\u00e1 tenham saciado das suas necessidades para que o Brasil possa entrar e comprar a parte para proteger nosso povo.<\/p>\n","protected":false},"excerpt":{"rendered":"<p>&nbsp;Durante a entrevista coletiva di\u00e1ria para prestar informa\u00e7\u00f5es sobre o combate ao coronav\u00edrus nos EUA, Donald Trump mencionou a conversa por telefone que teve com&hellip; <\/p>\n","protected":false},"author":2,"featured_media":161728,"comment_status":"closed","ping_status":"closed","sticky":false,"template":"","format":"standard","meta":{"sfsi_plus_gutenberg_text_before_share":"","sfsi_plus_gutenberg_show_text_before_share":"","sfsi_plus_gutenberg_icon_type":"","sfsi_plus_gutenberg_icon_alignemt":"","sfsi_plus_gutenburg_max_per_row":"","footnotes":""},"categories":[2],"tags":[],"class_list":["post-161727","post","type-post","status-publish","format-standard","has-post-thumbnail","hentry","category-geral"],"_links":{"self":[{"href":"https:\/\/www.caririemacao.com\/1\/wp-json\/wp\/v2\/posts\/161727","targetHints":{"allow":["GET"]}}],"collection":[{"href":"https:\/\/www.caririemacao.com\/1\/wp-json\/wp\/v2\/posts"}],"about":[{"href":"https:\/\/www.caririemacao.com\/1\/wp-json\/wp\/v2\/types\/post"}],"author":[{"embeddable":true,"href":"https:\/\/www.caririemacao.com\/1\/wp-json\/wp\/v2\/users\/2"}],"replies":[{"embeddable":true,"href":"https:\/\/www.caririemacao.com\/1\/wp-json\/wp\/v2\/comments?post=161727"}],"version-history":[{"count":1,"href":"https:\/\/www.caririemacao.com\/1\/wp-json\/wp\/v2\/posts\/161727\/revisions"}],"predecessor-version":[{"id":161729,"href":"https:\/\/www.caririemacao.com\/1\/wp-json\/wp\/v2\/posts\/161727\/revisions\/161729"}],"wp:featuredmedia":[{"embeddable":true,"href":"https:\/\/www.caririemacao.com\/1\/wp-json\/wp\/v2\/media\/161728"}],"wp:attachment":[{"href":"https:\/\/www.caririemacao.com\/1\/wp-json\/wp\/v2\/media?parent=161727"}],"wp:term":[{"taxonomy":"category","embeddable":true,"href":"https:\/\/www.caririemacao.com\/1\/wp-json\/wp\/v2\/categories?post=161727"},{"taxonomy":"post_tag","embeddable":true,"href":"https:\/\/www.caririemacao.com\/1\/wp-json\/wp\/v2\/tags?post=161727"}],"curies":[{"name":"wp","href":"https:\/\/api.w.org\/{rel}","templated":true}]}}