{"id":161737,"date":"2020-04-02T06:58:41","date_gmt":"2020-04-02T09:58:41","guid":{"rendered":"http:\/\/www.caririemacao.com\/1\/?p=161737"},"modified":"2020-04-02T06:58:43","modified_gmt":"2020-04-02T09:58:43","slug":"procuradoria-da-parecer-contrario-a-pedido-para-suspender-prazo-de-filiacao-devido-ao-coronavirus","status":"publish","type":"post","link":"https:\/\/www.caririemacao.com\/1\/2020\/04\/02\/procuradoria-da-parecer-contrario-a-pedido-para-suspender-prazo-de-filiacao-devido-ao-coronavirus\/","title":{"rendered":"Procuradoria d\u00e1 parecer contr\u00e1rio a pedido para suspender prazo de filia\u00e7\u00e3o devido ao coronav\u00edrus"},"content":{"rendered":"\n<p>O vice-procurador-geral Eleitoral, Renato Brill de G\u00f3es, emitiu parecer contr\u00e1rio ao pedido de suspens\u00e3o de alguns prazos do calend\u00e1rio eleitoral deste ano de 2020, feito pelo Progressistas. O parecer do processo que est\u00e1 sob relatoria da ministra Rosa Weber, foi emitido nesta quarta-feira (1\u00ba).<\/p>\n\n\n\n<ul class=\"wp-block-list\"><li><a href=\"https:\/\/www.clickpb.com.br\/media\/filer_public\/64\/36\/64368e68-3e4c-4d2a-93f4-6b872cd60799\/downloadpecaasp.pdf\">Confira o documento aqui.<\/a><\/li><\/ul>\n\n\n\n<p>O Progressistas pediu suspens\u00e3o por 30 dias do prazo de filia\u00e7\u00e3o partid\u00e1ria, que se encerra no pr\u00f3ximo s\u00e1bado (04). Al\u00e9m disso, a A\u00e7\u00e3o Direta de Inconstitucionalidade pede mudan\u00e7as no prazo para desincompatibiliza\u00e7\u00e3o de cargo p\u00fablico, deferimento da filia\u00e7\u00e3o e domic\u00edlio eleitoral de eventuais candidatos.<\/p>\n\n\n\n<p>O partido argumentou que a crise causada pelo novo coronav\u00edrus (Covid-19) impacta as a\u00e7\u00f5es dos partidos para atrair novos integrantes e a decis\u00e3o de quem ocupa cargos p\u00fablicos \u2013 como secret\u00e1rios de sa\u00fade \u2013 de deixar o posto para concorrer a mandatos.<\/p>\n\n\n\n<p>J\u00e1 o parecer, ressalta que \u201ctratando-se de per\u00edodo t\u00e3o pr\u00f3ximo ao termo final do prazo para deferimento de filia\u00e7\u00e3o e para desincompatibiliza\u00e7\u00e3o, alter\u00e1-lo implicaria ofensa \u00e0 isonomia com os poss\u00edveis candidatos que j\u00e1 haviam tomado as provid\u00eancias necess\u00e1rias para a disputa eleitoral, ou seja, j\u00e1 preenchem os requisitos de domic\u00edlio eleitoral, filia\u00e7\u00e3o deferida e mesmo desincompatibiliza\u00e7\u00e3o de eventual fun\u00e7\u00e3o p\u00fablica\u201d.<\/p>\n","protected":false},"excerpt":{"rendered":"<p>O vice-procurador-geral Eleitoral, Renato Brill de G\u00f3es, emitiu parecer contr\u00e1rio ao pedido de suspens\u00e3o de alguns prazos do calend\u00e1rio eleitoral deste ano de 2020, feito&hellip; <\/p>\n","protected":false},"author":2,"featured_media":161738,"comment_status":"closed","ping_status":"closed","sticky":false,"template":"","format":"standard","meta":{"sfsi_plus_gutenberg_text_before_share":"","sfsi_plus_gutenberg_show_text_before_share":"","sfsi_plus_gutenberg_icon_type":"","sfsi_plus_gutenberg_icon_alignemt":"","sfsi_plus_gutenburg_max_per_row":"","footnotes":""},"categories":[2],"tags":[],"class_list":["post-161737","post","type-post","status-publish","format-standard","has-post-thumbnail","hentry","category-geral"],"_links":{"self":[{"href":"https:\/\/www.caririemacao.com\/1\/wp-json\/wp\/v2\/posts\/161737","targetHints":{"allow":["GET"]}}],"collection":[{"href":"https:\/\/www.caririemacao.com\/1\/wp-json\/wp\/v2\/posts"}],"about":[{"href":"https:\/\/www.caririemacao.com\/1\/wp-json\/wp\/v2\/types\/post"}],"author":[{"embeddable":true,"href":"https:\/\/www.caririemacao.com\/1\/wp-json\/wp\/v2\/users\/2"}],"replies":[{"embeddable":true,"href":"https:\/\/www.caririemacao.com\/1\/wp-json\/wp\/v2\/comments?post=161737"}],"version-history":[{"count":1,"href":"https:\/\/www.caririemacao.com\/1\/wp-json\/wp\/v2\/posts\/161737\/revisions"}],"predecessor-version":[{"id":161739,"href":"https:\/\/www.caririemacao.com\/1\/wp-json\/wp\/v2\/posts\/161737\/revisions\/161739"}],"wp:featuredmedia":[{"embeddable":true,"href":"https:\/\/www.caririemacao.com\/1\/wp-json\/wp\/v2\/media\/161738"}],"wp:attachment":[{"href":"https:\/\/www.caririemacao.com\/1\/wp-json\/wp\/v2\/media?parent=161737"}],"wp:term":[{"taxonomy":"category","embeddable":true,"href":"https:\/\/www.caririemacao.com\/1\/wp-json\/wp\/v2\/categories?post=161737"},{"taxonomy":"post_tag","embeddable":true,"href":"https:\/\/www.caririemacao.com\/1\/wp-json\/wp\/v2\/tags?post=161737"}],"curies":[{"name":"wp","href":"https:\/\/api.w.org\/{rel}","templated":true}]}}