{"id":161744,"date":"2020-04-02T07:03:25","date_gmt":"2020-04-02T10:03:25","guid":{"rendered":"http:\/\/www.caririemacao.com\/1\/?p=161744"},"modified":"2020-04-02T07:03:27","modified_gmt":"2020-04-02T10:03:27","slug":"comsefaz-apoia-projeto-de-joao-azevedo-para-credito-especial-do-icms-durante-pandemia-do-coronavirus","status":"publish","type":"post","link":"https:\/\/www.caririemacao.com\/1\/2020\/04\/02\/comsefaz-apoia-projeto-de-joao-azevedo-para-credito-especial-do-icms-durante-pandemia-do-coronavirus\/","title":{"rendered":"Comsefaz apoia projeto de Jo\u00e3o Azev\u00eado para cr\u00e9dito especial do ICMS durante pandemia do coronav\u00edrus"},"content":{"rendered":"\n<p>Em meio a crise gerada pela pandemia do coronav\u00edrus, a&nbsp;proposta de&nbsp;cria\u00e7\u00e3o de uma linha de cr\u00e9dito especial para as empresas alongarem o pagamento do Imposto sobre Circula\u00e7\u00e3o de Mercadorias e Servi\u00e7os (ICMS) feita pelo governador Jo\u00e3o Azev\u00eado foi aprovada pelo Comit\u00ea Nacional de Secret\u00e1rios de Fazenda (Comsefaz), em reuni\u00e3o virtual, nesta quarta-feira (1). A proposta foi sugerida ao F\u00f3rum de Governadores do Brasil.<\/p>\n\n\n\n<p>O projeto precisar\u00e1 das institui\u00e7\u00f5es banc\u00e1rias, que&nbsp;por meio de uma intermedia\u00e7\u00e3o&nbsp;com o&nbsp;Banco Nacional de Desenvolvimento Econ\u00f4mico e Social (BNDES)&nbsp;viabilizar\u00e1 a&nbsp;concretiza\u00e7\u00e3o da proposta, que funcionaria nos mesmos moldes da linha de cr\u00e9dito anunciada pelo governo federal para cobrir parte da folha de pagamento de micro e pequenas empresas pelo per\u00edodo de dois meses.<\/p>\n\n\n\n<p>De acordo com o secret\u00e1rio de Estado da Fazenda, Marialvo Laureano, a&nbsp;sugest\u00e3o que ser\u00e1 apresentada ao Minist\u00e9rio da Economia, tem como foco o atendimento \u00e0s pequenas e m\u00e9dias empresas e tamb\u00e9m poder\u00e1 contribuir com o equil\u00edbrio fiscal dos Estados e munic\u00edpios.&nbsp;<\/p>\n\n\n\n<p>Segundo o governador Jo\u00e3o Azev\u00e8do, \u201ca ideia seria uma opera\u00e7\u00e3o casada, onde os recursos seriam liberados para as empresas com a quita\u00e7\u00e3o da parcela do ICMS devida no mesmo momento delicado que atravessamos. Desta forma, a empresa estaria quite com os governos estaduais, livres de multas, encargos e execu\u00e7\u00f5es, ganhando um tempo el\u00e1stico para se financiar a uma taxa reduzida &#8211; no m\u00e1ximo Selic \u2013 a partir de uma linha de cr\u00e9dito do BNDES\u201d, explicou.&nbsp;<br><\/p>\n\n\n\n<p>\u201cPrecisamos, agora, \u00e9 trabalhar para conseguir o apoio do governo federal para que o BNDES possa coordenar essa opera\u00e7\u00e3o\u201d, apontou o secret\u00e1rio da Fazenda.&nbsp;<\/p>\n","protected":false},"excerpt":{"rendered":"<p>Em meio a crise gerada pela pandemia do coronav\u00edrus, a&nbsp;proposta de&nbsp;cria\u00e7\u00e3o de uma linha de cr\u00e9dito especial para as empresas alongarem o pagamento do Imposto&hellip; <\/p>\n","protected":false},"author":2,"featured_media":161745,"comment_status":"closed","ping_status":"closed","sticky":false,"template":"","format":"standard","meta":{"sfsi_plus_gutenberg_text_before_share":"","sfsi_plus_gutenberg_show_text_before_share":"","sfsi_plus_gutenberg_icon_type":"","sfsi_plus_gutenberg_icon_alignemt":"","sfsi_plus_gutenburg_max_per_row":"","footnotes":""},"categories":[2],"tags":[],"class_list":["post-161744","post","type-post","status-publish","format-standard","has-post-thumbnail","hentry","category-geral"],"_links":{"self":[{"href":"https:\/\/www.caririemacao.com\/1\/wp-json\/wp\/v2\/posts\/161744","targetHints":{"allow":["GET"]}}],"collection":[{"href":"https:\/\/www.caririemacao.com\/1\/wp-json\/wp\/v2\/posts"}],"about":[{"href":"https:\/\/www.caririemacao.com\/1\/wp-json\/wp\/v2\/types\/post"}],"author":[{"embeddable":true,"href":"https:\/\/www.caririemacao.com\/1\/wp-json\/wp\/v2\/users\/2"}],"replies":[{"embeddable":true,"href":"https:\/\/www.caririemacao.com\/1\/wp-json\/wp\/v2\/comments?post=161744"}],"version-history":[{"count":1,"href":"https:\/\/www.caririemacao.com\/1\/wp-json\/wp\/v2\/posts\/161744\/revisions"}],"predecessor-version":[{"id":161746,"href":"https:\/\/www.caririemacao.com\/1\/wp-json\/wp\/v2\/posts\/161744\/revisions\/161746"}],"wp:featuredmedia":[{"embeddable":true,"href":"https:\/\/www.caririemacao.com\/1\/wp-json\/wp\/v2\/media\/161745"}],"wp:attachment":[{"href":"https:\/\/www.caririemacao.com\/1\/wp-json\/wp\/v2\/media?parent=161744"}],"wp:term":[{"taxonomy":"category","embeddable":true,"href":"https:\/\/www.caririemacao.com\/1\/wp-json\/wp\/v2\/categories?post=161744"},{"taxonomy":"post_tag","embeddable":true,"href":"https:\/\/www.caririemacao.com\/1\/wp-json\/wp\/v2\/tags?post=161744"}],"curies":[{"name":"wp","href":"https:\/\/api.w.org\/{rel}","templated":true}]}}