{"id":161748,"date":"2020-04-02T07:06:45","date_gmt":"2020-04-02T10:06:45","guid":{"rendered":"http:\/\/www.caririemacao.com\/1\/?p=161748"},"modified":"2020-04-02T07:06:48","modified_gmt":"2020-04-02T10:06:48","slug":"damares-recomenda-trabalho-virtual-a-profissionais-do-sexo-em-cartilha-sobre-covid-19-para-lgbts","status":"publish","type":"post","link":"https:\/\/www.caririemacao.com\/1\/2020\/04\/02\/damares-recomenda-trabalho-virtual-a-profissionais-do-sexo-em-cartilha-sobre-covid-19-para-lgbts\/","title":{"rendered":"Damares recomenda &#8220;trabalho virtual a profissionais do sexo&#8221; em cartilha sobre covid-19 para LGBTs"},"content":{"rendered":"\n<p>A ministra Damares Alves publicou uma cartilha, atrav\u00e9s do Minist\u00e9rio da Mulher, Fam\u00edlia e Direitos Humanos, voltada para informar medidas de prote\u00e7\u00e3o do covid-19 ao p\u00fablico LGBT.&nbsp;A informa\u00e7\u00e3o \u00e9 da colunista&nbsp;<a href=\"https:\/\/blogs.oglobo.globo.com\/bela-megale\/post\/em-cartilha-sobre-covid-19-para-lgbts-damares-recomenda-trabalho-virtual-profissionais-do-sexo.html\">Bela Megale, do O Globo<\/a>.<\/p>\n\n\n\n<p>Na cartilha, consta a recomenda\u00e7\u00e3o de &#8220;trabalho virtual&#8221; a &#8220;profissionais do sexo&#8221; durante a pandemia do coronav\u00edrus.<\/p>\n\n\n\n<p>O texto diz que \u201ctrabalhadores aut\u00f4nomos, profissionais do sexo e pessoas sem renda fixa infelizmente s\u00e3o mais prejudicados durante as recomenda\u00e7\u00f5es de quarentena\u201d e sugere: \u201cMas n\u00e3o \u00e9 na crise que nascem as boas ideias? Se tiver que trabalhar, converse com seus clientes, tente a op\u00e7\u00e3o do servi\u00e7o virtual\u201d.<\/p>\n\n\n\n<p>A cartilha tamb\u00e9m vai contra a retomada das atividades defendida pelo presidente Jair Bolsonaro e diz que \u00e9 \u201cimportante manter o isolamento social\u201d. Al\u00e9m disso, destaca que \u201cn\u00e3o h\u00e1 cura milagrosa\u201d e aponta o Minist\u00e9rio da Sa\u00fade como fonte de informa\u00e7\u00e3o.<\/p>\n\n\n\n<figure class=\"wp-block-image\"><img decoding=\"async\" data-src=\"https:\/\/www.clickpb.com.br\/media\/filer_public\/75\/a0\/75a005b6-ba8a-4af0-acf8-e1aa2cf8a9da\/cartilha.jpg\" alt=\"\" src=\"data:image\/svg+xml;base64,PHN2ZyB3aWR0aD0iMSIgaGVpZ2h0PSIxIiB4bWxucz0iaHR0cDovL3d3dy53My5vcmcvMjAwMC9zdmciPjwvc3ZnPg==\" class=\"lazyload\" \/><\/figure>\n","protected":false},"excerpt":{"rendered":"<p>A ministra Damares Alves publicou uma cartilha, atrav\u00e9s do Minist\u00e9rio da Mulher, Fam\u00edlia e Direitos Humanos, voltada para informar medidas de prote\u00e7\u00e3o do covid-19 ao&hellip; <\/p>\n","protected":false},"author":2,"featured_media":161749,"comment_status":"closed","ping_status":"closed","sticky":false,"template":"","format":"standard","meta":{"sfsi_plus_gutenberg_text_before_share":"","sfsi_plus_gutenberg_show_text_before_share":"","sfsi_plus_gutenberg_icon_type":"","sfsi_plus_gutenberg_icon_alignemt":"","sfsi_plus_gutenburg_max_per_row":"","footnotes":""},"categories":[2],"tags":[],"class_list":["post-161748","post","type-post","status-publish","format-standard","has-post-thumbnail","hentry","category-geral"],"_links":{"self":[{"href":"https:\/\/www.caririemacao.com\/1\/wp-json\/wp\/v2\/posts\/161748","targetHints":{"allow":["GET"]}}],"collection":[{"href":"https:\/\/www.caririemacao.com\/1\/wp-json\/wp\/v2\/posts"}],"about":[{"href":"https:\/\/www.caririemacao.com\/1\/wp-json\/wp\/v2\/types\/post"}],"author":[{"embeddable":true,"href":"https:\/\/www.caririemacao.com\/1\/wp-json\/wp\/v2\/users\/2"}],"replies":[{"embeddable":true,"href":"https:\/\/www.caririemacao.com\/1\/wp-json\/wp\/v2\/comments?post=161748"}],"version-history":[{"count":1,"href":"https:\/\/www.caririemacao.com\/1\/wp-json\/wp\/v2\/posts\/161748\/revisions"}],"predecessor-version":[{"id":161750,"href":"https:\/\/www.caririemacao.com\/1\/wp-json\/wp\/v2\/posts\/161748\/revisions\/161750"}],"wp:featuredmedia":[{"embeddable":true,"href":"https:\/\/www.caririemacao.com\/1\/wp-json\/wp\/v2\/media\/161749"}],"wp:attachment":[{"href":"https:\/\/www.caririemacao.com\/1\/wp-json\/wp\/v2\/media?parent=161748"}],"wp:term":[{"taxonomy":"category","embeddable":true,"href":"https:\/\/www.caririemacao.com\/1\/wp-json\/wp\/v2\/categories?post=161748"},{"taxonomy":"post_tag","embeddable":true,"href":"https:\/\/www.caririemacao.com\/1\/wp-json\/wp\/v2\/tags?post=161748"}],"curies":[{"name":"wp","href":"https:\/\/api.w.org\/{rel}","templated":true}]}}