{"id":161753,"date":"2020-04-02T07:08:16","date_gmt":"2020-04-02T10:08:16","guid":{"rendered":"http:\/\/www.caririemacao.com\/1\/?p=161753"},"modified":"2020-04-02T07:08:18","modified_gmt":"2020-04-02T10:08:18","slug":"exclusivo-medico-relata-batalha-no-front-da-uti-do-covid-na-paraiba","status":"publish","type":"post","link":"https:\/\/www.caririemacao.com\/1\/2020\/04\/02\/exclusivo-medico-relata-batalha-no-front-da-uti-do-covid-na-paraiba\/","title":{"rendered":"Exclusivo: m\u00e9dico relata batalha no front da UTI do Covid na Para\u00edba"},"content":{"rendered":"\n<p>Seis horas sem ir ao banheiro e sem tomar \u00e1gua. Esse \u00e9 apenas um dos desafios que m\u00e9dicos intensivistas enfrentam no principal front contra a covid-19 na Para\u00edba, a Unidade de Terapia Intensiva do Hospital Clementino Fraga, em Jo\u00e3o Pessoa.<\/p>\n\n\n\n<p>Na UTI, vestidos de equipamentos de prote\u00e7\u00e3o individual (EPI), os profissionais s\u00f3 podem retirar as roupas especiais ap\u00f3s o fim do expediente, raz\u00e3o pela qual os plant\u00f5es n\u00e3o passam das seis horas.<\/p>\n\n\n\n<p>O&nbsp;<strong>Blog<\/strong>&nbsp;obteve o relato exclusivo de um dos 30 m\u00e9dicos da equipe, que se reveza dia-dia para tratar de pacientes suspeitos da doen\u00e7a. Um, j\u00e1 confirmado, morreu ontem \u00e0 tarde.<\/p>\n\n\n\n<p>A letalidade e evolu\u00e7\u00e3o do novo coronav\u00edrus impressionam at\u00e9 a Medicina.&nbsp;<strong><em>\u201cA agressividade \u00e9 surpreendente. Em anos de experi\u00eancia, nunca vi nada parecido com a for\u00e7a da destrui\u00e7\u00e3o dentro do organismo\u201d,<\/em><\/strong>&nbsp;contou.<\/p>\n\n\n\n<p><strong><em>\u201cOs pacientes j\u00e1 chegam graves, muitas vezes conversando, mas em poucas horas pioram ou s\u00e3o entubados e colocados em ventila\u00e7\u00e3o mec\u00e2nica\u201d<\/em>,<\/strong>&nbsp;relatou.<\/p>\n\n\n\n<p>E prosseguiu:&nbsp;<strong><em>\u201cPessoas jovens pedem para n\u00e3o morrer, quando chegam. O v\u00edrus \u00e9 mais r\u00e1pido do que n\u00f3s. Ele evolui com um cansa\u00e7o intenso que se torna doen\u00e7a respirat\u00f3ria aguda e causa pneumonia. Muitas vezes acrescenta uma infec\u00e7\u00e3o bacteriana. Os rins se fecham e precisa de di\u00e1lise. A secre\u00e7\u00e3o pulmonar fica espessa e se torna dif\u00edcil a ventila\u00e7\u00e3o dos pulm\u00f5es at\u00e9 com ventilador mec\u00e2nico\u201d.<\/em><\/strong><\/p>\n\n\n\n<p>A equipe do Clementino Fraga segue o protocolo internacional e administra hidroxicloroquina, azitromicina, tamiflu e teicoplanina no tratamento dos pacientes com suspeitas do v\u00edrus.<\/p>\n\n\n\n<p><strong>Como tem sido entre voc\u00eas m\u00e9dicos o efeito psicol\u00f3gico dessa doen\u00e7a?<\/strong><\/p>\n\n\n\n<p>Para esta pergunta do autor do&nbsp;<strong>Blog<\/strong>, uma resposta forte:<em>&nbsp;\u201c<strong>Tamb\u00e9m estamos devastados. Muitos at\u00e9 desistem de estar na linha de frente, por diversos medos. \u00c9 realmente um voluntariado. \u00c9 seguir o juramento e pedir for\u00e7a a Deus\u201d.<\/strong><\/em><\/p>\n\n\n\n<p>A&nbsp; rotina mudou completamente. Com identidade preservada, o m\u00e9dico autor desse relato ao Blog conta que desde quando entrou na equipe ainda n\u00e3o voltou para sua casa. Apesar de confiar no rigor do padr\u00e3o e na seguran\u00e7a da EPI, ele prefere evitar o contato com familiares.<\/p>\n\n\n\n<p>Quando sai do hospital, vai a um apartamento onde fica sozinho.<strong>&nbsp;<em>\u201cEu me sinto seguro contra o v\u00edrus, mas tamb\u00e9m quero proteger minha fam\u00edlia. \u00c9 do trabalho para o isolamento\u201d.<\/em><\/strong><\/p>\n\n\n\n<p>Isolamento, a palavra que resume esse momento. Muito parecida com desolamento.<\/p>\n","protected":false},"excerpt":{"rendered":"<p>Seis horas sem ir ao banheiro e sem tomar \u00e1gua. Esse \u00e9 apenas um dos desafios que m\u00e9dicos intensivistas enfrentam no principal front contra a&hellip; <\/p>\n","protected":false},"author":2,"featured_media":161754,"comment_status":"closed","ping_status":"closed","sticky":false,"template":"","format":"standard","meta":{"sfsi_plus_gutenberg_text_before_share":"","sfsi_plus_gutenberg_show_text_before_share":"","sfsi_plus_gutenberg_icon_type":"","sfsi_plus_gutenberg_icon_alignemt":"","sfsi_plus_gutenburg_max_per_row":"","footnotes":""},"categories":[2],"tags":[],"class_list":["post-161753","post","type-post","status-publish","format-standard","has-post-thumbnail","hentry","category-geral"],"_links":{"self":[{"href":"https:\/\/www.caririemacao.com\/1\/wp-json\/wp\/v2\/posts\/161753","targetHints":{"allow":["GET"]}}],"collection":[{"href":"https:\/\/www.caririemacao.com\/1\/wp-json\/wp\/v2\/posts"}],"about":[{"href":"https:\/\/www.caririemacao.com\/1\/wp-json\/wp\/v2\/types\/post"}],"author":[{"embeddable":true,"href":"https:\/\/www.caririemacao.com\/1\/wp-json\/wp\/v2\/users\/2"}],"replies":[{"embeddable":true,"href":"https:\/\/www.caririemacao.com\/1\/wp-json\/wp\/v2\/comments?post=161753"}],"version-history":[{"count":1,"href":"https:\/\/www.caririemacao.com\/1\/wp-json\/wp\/v2\/posts\/161753\/revisions"}],"predecessor-version":[{"id":161755,"href":"https:\/\/www.caririemacao.com\/1\/wp-json\/wp\/v2\/posts\/161753\/revisions\/161755"}],"wp:featuredmedia":[{"embeddable":true,"href":"https:\/\/www.caririemacao.com\/1\/wp-json\/wp\/v2\/media\/161754"}],"wp:attachment":[{"href":"https:\/\/www.caririemacao.com\/1\/wp-json\/wp\/v2\/media?parent=161753"}],"wp:term":[{"taxonomy":"category","embeddable":true,"href":"https:\/\/www.caririemacao.com\/1\/wp-json\/wp\/v2\/categories?post=161753"},{"taxonomy":"post_tag","embeddable":true,"href":"https:\/\/www.caririemacao.com\/1\/wp-json\/wp\/v2\/tags?post=161753"}],"curies":[{"name":"wp","href":"https:\/\/api.w.org\/{rel}","templated":true}]}}