{"id":161758,"date":"2020-04-02T07:11:47","date_gmt":"2020-04-02T10:11:47","guid":{"rendered":"http:\/\/www.caririemacao.com\/1\/?p=161758"},"modified":"2020-04-02T07:11:48","modified_gmt":"2020-04-02T10:11:48","slug":"especialista-comenta-as-principais-mentiras","status":"publish","type":"post","link":"https:\/\/www.caririemacao.com\/1\/2020\/04\/02\/especialista-comenta-as-principais-mentiras\/","title":{"rendered":"Especialista comenta as principais mentiras"},"content":{"rendered":"\n<p>Alho, cacha\u00e7a, ch\u00e1, \u00e1gua quente, fazer gargarejo, Vitamina C com Zinco, Vitamina D, beber \u00e1gua a cada 15 minutos, evitar tomar sorvete para combater o coronav\u00edrus. No Dia 1\u00aa de abril, Dia da Mentira, fizemos uma sele\u00e7\u00e3o das inverdades que certamente voc\u00ea ouviu ou at\u00e9 j\u00e1 fez para se prevenir da COVID-19. O m\u00e9dico infectologista do Hapvida em Jo\u00e3o Pessoa, Fernando Chagas, afirma que n\u00e3o existe uma f\u00f3rmula para matar o v\u00edrus, que tem causado tanto medo na humanidade pela sua r\u00e1pida dissemina\u00e7\u00e3o.<\/p>\n\n\n\n<p><br>\u201cNa verdade, ao contrair o v\u00edrus, se a pessoa n\u00e3o evoluir para forma grave, obviamente, a tend\u00eancia \u00e9 que o pr\u00f3prio organismo do indiv\u00edduo tende a destruir o coronav\u00edrus\u201d, afirma.<\/p>\n\n\n\n<p>A luta contra as fake news envolvendo a COVID-19 \u00e9 di\u00e1ria. \u201cO n\u00famero de informa\u00e7\u00f5es que chegam via internet, principalmente por meio das redes sociais \u00e9 imenso, mas precisamos ficar atentos ao que realmente \u00e9 ver\u00eddico e o que n\u00e3o se encaixa na realidade. Por exemplo, t\u00eam circulado a informa\u00e7\u00e3o de que o v\u00edrus \u00e9 fraco, n\u00e3o resiste ao calor e temperaturas de 26\u00b0C ou 27\u00b0C j\u00e1 matam o v\u00edrus e isso n\u00e3o \u00e9 verdade.<\/p>\n\n\n\n<p>\u201cNo caso do calor, existem estudos mostram que lugares de temperatura elevada o v\u00edrus passaria menos tempo nas superf\u00edcies. Esse fato pode assegurar uma poss\u00edvel diminui\u00e7\u00e3o da transmiss\u00e3o, mas fora isso o calor n\u00e3o mata o v\u00edrus na temperatura ambiente\u201d, esclarece.<\/p>\n\n\n\n<p><\/p>\n","protected":false},"excerpt":{"rendered":"<p>Alho, cacha\u00e7a, ch\u00e1, \u00e1gua quente, fazer gargarejo, Vitamina C com Zinco, Vitamina D, beber \u00e1gua a cada 15 minutos, evitar tomar sorvete para combater o&hellip; <\/p>\n","protected":false},"author":2,"featured_media":161759,"comment_status":"closed","ping_status":"closed","sticky":false,"template":"","format":"standard","meta":{"sfsi_plus_gutenberg_text_before_share":"","sfsi_plus_gutenberg_show_text_before_share":"","sfsi_plus_gutenberg_icon_type":"","sfsi_plus_gutenberg_icon_alignemt":"","sfsi_plus_gutenburg_max_per_row":"","footnotes":""},"categories":[2],"tags":[],"class_list":["post-161758","post","type-post","status-publish","format-standard","has-post-thumbnail","hentry","category-geral"],"_links":{"self":[{"href":"https:\/\/www.caririemacao.com\/1\/wp-json\/wp\/v2\/posts\/161758","targetHints":{"allow":["GET"]}}],"collection":[{"href":"https:\/\/www.caririemacao.com\/1\/wp-json\/wp\/v2\/posts"}],"about":[{"href":"https:\/\/www.caririemacao.com\/1\/wp-json\/wp\/v2\/types\/post"}],"author":[{"embeddable":true,"href":"https:\/\/www.caririemacao.com\/1\/wp-json\/wp\/v2\/users\/2"}],"replies":[{"embeddable":true,"href":"https:\/\/www.caririemacao.com\/1\/wp-json\/wp\/v2\/comments?post=161758"}],"version-history":[{"count":1,"href":"https:\/\/www.caririemacao.com\/1\/wp-json\/wp\/v2\/posts\/161758\/revisions"}],"predecessor-version":[{"id":161760,"href":"https:\/\/www.caririemacao.com\/1\/wp-json\/wp\/v2\/posts\/161758\/revisions\/161760"}],"wp:featuredmedia":[{"embeddable":true,"href":"https:\/\/www.caririemacao.com\/1\/wp-json\/wp\/v2\/media\/161759"}],"wp:attachment":[{"href":"https:\/\/www.caririemacao.com\/1\/wp-json\/wp\/v2\/media?parent=161758"}],"wp:term":[{"taxonomy":"category","embeddable":true,"href":"https:\/\/www.caririemacao.com\/1\/wp-json\/wp\/v2\/categories?post=161758"},{"taxonomy":"post_tag","embeddable":true,"href":"https:\/\/www.caririemacao.com\/1\/wp-json\/wp\/v2\/tags?post=161758"}],"curies":[{"name":"wp","href":"https:\/\/api.w.org\/{rel}","templated":true}]}}