{"id":161763,"date":"2020-04-02T07:15:22","date_gmt":"2020-04-02T10:15:22","guid":{"rendered":"http:\/\/www.caririemacao.com\/1\/?p=161763"},"modified":"2020-04-02T07:15:23","modified_gmt":"2020-04-02T10:15:23","slug":"ministra-nega-desabastecimento-no-pais","status":"publish","type":"post","link":"https:\/\/www.caririemacao.com\/1\/2020\/04\/02\/ministra-nega-desabastecimento-no-pais\/","title":{"rendered":"Ministra nega desabastecimento no pa\u00eds"},"content":{"rendered":"\n<p>A ministra da Agricultura, Tereza Cristina, desmentiu nesta quarta-feira (01\/04), em coletiva de imprensa, boatos de risco de desabastecimento no pa\u00eds em raz\u00e3o de supostos problemas relacionados ao isolamento social contra o coronav\u00edrus.<\/p>\n\n\n\n<p>Pela manh\u00e3, o presidente Jair Bolsonaro publicou (e depois apagou) um v\u00eddeo de um homem que mostrava a Ceasa de Minas Gerais vazia.<\/p>\n\n\n\n<p>\u201cN\u00f3s temos no Brasil temos abastecimento em todas as capitais e em todas as cidades, n\u00e3o temos nenhuma not\u00edcia de que esteja faltando qualquer tipo de alimento nas prateleiras do dos supermercados. Essa \u00e9 a miss\u00e3o hoje do minist\u00e9rio\u201d, disse a ministra.<\/p>\n\n\n\n<p><strong>MaisPB<\/strong><\/p>\n\n\n\n<p><\/p>\n","protected":false},"excerpt":{"rendered":"<p>A ministra da Agricultura, Tereza Cristina, desmentiu nesta quarta-feira (01\/04), em coletiva de imprensa, boatos de risco de desabastecimento no pa\u00eds em raz\u00e3o de supostos&hellip; <\/p>\n","protected":false},"author":2,"featured_media":161764,"comment_status":"closed","ping_status":"closed","sticky":false,"template":"","format":"standard","meta":{"sfsi_plus_gutenberg_text_before_share":"","sfsi_plus_gutenberg_show_text_before_share":"","sfsi_plus_gutenberg_icon_type":"","sfsi_plus_gutenberg_icon_alignemt":"","sfsi_plus_gutenburg_max_per_row":"","footnotes":""},"categories":[2],"tags":[],"class_list":["post-161763","post","type-post","status-publish","format-standard","has-post-thumbnail","hentry","category-geral"],"_links":{"self":[{"href":"https:\/\/www.caririemacao.com\/1\/wp-json\/wp\/v2\/posts\/161763","targetHints":{"allow":["GET"]}}],"collection":[{"href":"https:\/\/www.caririemacao.com\/1\/wp-json\/wp\/v2\/posts"}],"about":[{"href":"https:\/\/www.caririemacao.com\/1\/wp-json\/wp\/v2\/types\/post"}],"author":[{"embeddable":true,"href":"https:\/\/www.caririemacao.com\/1\/wp-json\/wp\/v2\/users\/2"}],"replies":[{"embeddable":true,"href":"https:\/\/www.caririemacao.com\/1\/wp-json\/wp\/v2\/comments?post=161763"}],"version-history":[{"count":1,"href":"https:\/\/www.caririemacao.com\/1\/wp-json\/wp\/v2\/posts\/161763\/revisions"}],"predecessor-version":[{"id":161765,"href":"https:\/\/www.caririemacao.com\/1\/wp-json\/wp\/v2\/posts\/161763\/revisions\/161765"}],"wp:featuredmedia":[{"embeddable":true,"href":"https:\/\/www.caririemacao.com\/1\/wp-json\/wp\/v2\/media\/161764"}],"wp:attachment":[{"href":"https:\/\/www.caririemacao.com\/1\/wp-json\/wp\/v2\/media?parent=161763"}],"wp:term":[{"taxonomy":"category","embeddable":true,"href":"https:\/\/www.caririemacao.com\/1\/wp-json\/wp\/v2\/categories?post=161763"},{"taxonomy":"post_tag","embeddable":true,"href":"https:\/\/www.caririemacao.com\/1\/wp-json\/wp\/v2\/tags?post=161763"}],"curies":[{"name":"wp","href":"https:\/\/api.w.org\/{rel}","templated":true}]}}