{"id":161767,"date":"2020-04-02T07:19:04","date_gmt":"2020-04-02T10:19:04","guid":{"rendered":"http:\/\/www.caririemacao.com\/1\/?p=161767"},"modified":"2020-04-02T12:55:30","modified_gmt":"2020-04-02T15:55:30","slug":"presidente-do-tre-pb-descarta-adiamento-das-eleicoes-de-2020","status":"publish","type":"post","link":"https:\/\/www.caririemacao.com\/1\/2020\/04\/02\/presidente-do-tre-pb-descarta-adiamento-das-eleicoes-de-2020\/","title":{"rendered":"Presidente do TRE-PB descarta adiamento das elei\u00e7\u00f5es de 2020"},"content":{"rendered":"\n<p>O presidente do Tribunal Regional Eleitoral da Para\u00edba (TRE-PB), desembargador Jos\u00e9 Ricardo Porto, em entrevista ao programa Arapuan Verdade desta quarta-feira (1) criticou as especula\u00e7\u00f5es de parlamentares e outras lideran\u00e7as pol\u00edticas para adiamento das elei\u00e7\u00f5es municipais de prefeitos, vice-prefeitos e vereadores, previstas para outubro.<\/p>\n\n\n\n<p>Segundo ele,&nbsp;a Corte n\u00e3o trabalha com progn\u00f3sticos e que, portanto, at\u00e9m-se ao cumprimento do que est\u00e1 estabelecido no calend\u00e1rio do TSE. Em uma&nbsp;nota oficial, o \u00f3rg\u00e3o reitera os&nbsp;prazos como o da transfer\u00eancia de domic\u00edlio por parte de eleitores interessados nessa opera\u00e7\u00e3o, e que vigoram at\u00e9 abril.<\/p>\n\n\n\n<p>\u201cAcredito que as elei\u00e7\u00f5es ir\u00e3o se processar normalmente. Essa prorroga\u00e7\u00e3o de mandato \u00e9 uma ideia aterradora. Estamos com as conven\u00e7\u00f5es partid\u00e1rias marcadas para o dia 20 de agosto e o pedido de candidaturas come\u00e7ar\u00e1 no dia 23 de agosto. Temos ent\u00e3o um prazo el\u00e1stico para j\u00e1 termos uma avalia\u00e7\u00e3o do que se pode falar em prorroga\u00e7\u00e3o de mandato com a crise do coronav\u00edrus. A elei\u00e7\u00e3o \u00e9 a festa da democracia e deve se pautar em igualdade e isonomia. Caso sejam prorrogadas para 2022 ir\u00e1 haver um desequil\u00edbrio nas disputas. Eu n\u00e3o acredito que ocorra essa prorroga\u00e7\u00e3o de mandato, agora caso haja prorroga\u00e7\u00e3o, o fundo partid\u00e1rio poder\u00e1 ser direcionado para o combate do covid-19\u201d, explicou o desembargador.<\/p>\n\n\n\n<p>Ainda segundo ele, todos os servi\u00e7os j\u00e1 est\u00e3o adaptados \u00e0&nbsp;excepcionalidade de situa\u00e7\u00f5es decorrentes da eclos\u00e3o da pandemia do novo coronav\u00edrus em territ\u00f3rio brasileiro. Essas medidas envolvem, por exemplo, a substitui\u00e7\u00e3o de atos presenciais em cart\u00f3rios e outras esferas da Justi\u00e7a por recursos a alternativas proporcionadas pela tecnologia, como o uso da internet.<\/p>\n\n\n\n<p><em>Click PB<\/em><\/p>\n","protected":false},"excerpt":{"rendered":"<p>O presidente do Tribunal Regional Eleitoral da Para\u00edba (TRE-PB), desembargador Jos\u00e9 Ricardo Porto, em entrevista ao programa Arapuan Verdade desta quarta-feira (1) criticou as especula\u00e7\u00f5es&hellip; <\/p>\n","protected":false},"author":2,"featured_media":161768,"comment_status":"closed","ping_status":"closed","sticky":false,"template":"","format":"standard","meta":{"sfsi_plus_gutenberg_text_before_share":"","sfsi_plus_gutenberg_show_text_before_share":"","sfsi_plus_gutenberg_icon_type":"","sfsi_plus_gutenberg_icon_alignemt":"","sfsi_plus_gutenburg_max_per_row":"","footnotes":""},"categories":[2],"tags":[],"class_list":["post-161767","post","type-post","status-publish","format-standard","has-post-thumbnail","hentry","category-geral"],"_links":{"self":[{"href":"https:\/\/www.caririemacao.com\/1\/wp-json\/wp\/v2\/posts\/161767","targetHints":{"allow":["GET"]}}],"collection":[{"href":"https:\/\/www.caririemacao.com\/1\/wp-json\/wp\/v2\/posts"}],"about":[{"href":"https:\/\/www.caririemacao.com\/1\/wp-json\/wp\/v2\/types\/post"}],"author":[{"embeddable":true,"href":"https:\/\/www.caririemacao.com\/1\/wp-json\/wp\/v2\/users\/2"}],"replies":[{"embeddable":true,"href":"https:\/\/www.caririemacao.com\/1\/wp-json\/wp\/v2\/comments?post=161767"}],"version-history":[{"count":2,"href":"https:\/\/www.caririemacao.com\/1\/wp-json\/wp\/v2\/posts\/161767\/revisions"}],"predecessor-version":[{"id":161806,"href":"https:\/\/www.caririemacao.com\/1\/wp-json\/wp\/v2\/posts\/161767\/revisions\/161806"}],"wp:featuredmedia":[{"embeddable":true,"href":"https:\/\/www.caririemacao.com\/1\/wp-json\/wp\/v2\/media\/161768"}],"wp:attachment":[{"href":"https:\/\/www.caririemacao.com\/1\/wp-json\/wp\/v2\/media?parent=161767"}],"wp:term":[{"taxonomy":"category","embeddable":true,"href":"https:\/\/www.caririemacao.com\/1\/wp-json\/wp\/v2\/categories?post=161767"},{"taxonomy":"post_tag","embeddable":true,"href":"https:\/\/www.caririemacao.com\/1\/wp-json\/wp\/v2\/tags?post=161767"}],"curies":[{"name":"wp","href":"https:\/\/api.w.org\/{rel}","templated":true}]}}