{"id":161771,"date":"2020-04-02T07:22:12","date_gmt":"2020-04-02T10:22:12","guid":{"rendered":"http:\/\/www.caririemacao.com\/1\/?p=161771"},"modified":"2020-04-02T07:22:14","modified_gmt":"2020-04-02T10:22:14","slug":"secretaria-de-saude-de-monteiro-acompanha-em-tempo-integral-isolamento-domiciliar-e-quarentena","status":"publish","type":"post","link":"https:\/\/www.caririemacao.com\/1\/2020\/04\/02\/secretaria-de-saude-de-monteiro-acompanha-em-tempo-integral-isolamento-domiciliar-e-quarentena\/","title":{"rendered":"Secretaria de Sa\u00fade de Monteiro acompanha em tempo integral isolamento domiciliar e quarentena"},"content":{"rendered":"\n<p>A Secretaria de Sa\u00fade de Monteiro est\u00e1 monitorando em tempo integral todas as ocorr\u00eancias, relativas \u00e0 pandemia do Coronav\u00edrus registradas no munic\u00edpio.<\/p>\n\n\n\n<p>Atualmente em Monteiro, 04 (quatro) casos est\u00e3o sendo monitorados em rela\u00e7\u00e3o ao isolamento domiciliar, por \u201csintomas gripais\u201d.<\/p>\n\n\n\n<p>De acordo com a secretaria executiva de Sa\u00fade, Viviane Ferreira, estas 04 (quatro) pessoas est\u00e3o sendo monitoradas, atrav\u00e9s de &nbsp;uma equipe que mant\u00e9m contato di\u00e1rio por telefone, no qual s\u00e3o repassadas as orienta\u00e7\u00f5es, e \u00e9 feito um diagn\u00f3stico do quadro dos pacientes.<\/p>\n\n\n\n<p>Este atendimento obedece rigorosamente \u00e0s normas e o protocolo estabelecido pelos \u00f3rg\u00e3os de sa\u00fade competentes.<\/p>\n\n\n\n<p>De acordo com a secret\u00e1ria executiva de Sa\u00fade, al\u00e9m do monitoramento destes casos com sintomas gripais, tamb\u00e9m est\u00e1 sendo realizado o monitoramento, dos \u201cvisitantes\u201d, que foram identificados atrav\u00e9s das barreiras montadas nas entradas do munic\u00edpio, sendo que este acontece obedecendo o mesmo protocolo, e cumprindo \u00e0 risca a determina\u00e7\u00e3o da quarentena.<\/p>\n","protected":false},"excerpt":{"rendered":"<p>A Secretaria de Sa\u00fade de Monteiro est\u00e1 monitorando em tempo integral todas as ocorr\u00eancias, relativas \u00e0 pandemia do Coronav\u00edrus registradas no munic\u00edpio. Atualmente em Monteiro,&hellip; <\/p>\n","protected":false},"author":2,"featured_media":161772,"comment_status":"closed","ping_status":"closed","sticky":false,"template":"","format":"standard","meta":{"sfsi_plus_gutenberg_text_before_share":"","sfsi_plus_gutenberg_show_text_before_share":"","sfsi_plus_gutenberg_icon_type":"","sfsi_plus_gutenberg_icon_alignemt":"","sfsi_plus_gutenburg_max_per_row":"","footnotes":""},"categories":[2],"tags":[],"class_list":["post-161771","post","type-post","status-publish","format-standard","has-post-thumbnail","hentry","category-geral"],"_links":{"self":[{"href":"https:\/\/www.caririemacao.com\/1\/wp-json\/wp\/v2\/posts\/161771","targetHints":{"allow":["GET"]}}],"collection":[{"href":"https:\/\/www.caririemacao.com\/1\/wp-json\/wp\/v2\/posts"}],"about":[{"href":"https:\/\/www.caririemacao.com\/1\/wp-json\/wp\/v2\/types\/post"}],"author":[{"embeddable":true,"href":"https:\/\/www.caririemacao.com\/1\/wp-json\/wp\/v2\/users\/2"}],"replies":[{"embeddable":true,"href":"https:\/\/www.caririemacao.com\/1\/wp-json\/wp\/v2\/comments?post=161771"}],"version-history":[{"count":1,"href":"https:\/\/www.caririemacao.com\/1\/wp-json\/wp\/v2\/posts\/161771\/revisions"}],"predecessor-version":[{"id":161773,"href":"https:\/\/www.caririemacao.com\/1\/wp-json\/wp\/v2\/posts\/161771\/revisions\/161773"}],"wp:featuredmedia":[{"embeddable":true,"href":"https:\/\/www.caririemacao.com\/1\/wp-json\/wp\/v2\/media\/161772"}],"wp:attachment":[{"href":"https:\/\/www.caririemacao.com\/1\/wp-json\/wp\/v2\/media?parent=161771"}],"wp:term":[{"taxonomy":"category","embeddable":true,"href":"https:\/\/www.caririemacao.com\/1\/wp-json\/wp\/v2\/categories?post=161771"},{"taxonomy":"post_tag","embeddable":true,"href":"https:\/\/www.caririemacao.com\/1\/wp-json\/wp\/v2\/tags?post=161771"}],"curies":[{"name":"wp","href":"https:\/\/api.w.org\/{rel}","templated":true}]}}