{"id":161775,"date":"2020-04-02T07:26:20","date_gmt":"2020-04-02T10:26:20","guid":{"rendered":"http:\/\/www.caririemacao.com\/1\/?p=161775"},"modified":"2020-04-02T13:09:21","modified_gmt":"2020-04-02T16:09:21","slug":"prefeitura-de-monteiro-continua-realizando-desinfeccao-de-ruas-do-municipio","status":"publish","type":"post","link":"https:\/\/www.caririemacao.com\/1\/2020\/04\/02\/prefeitura-de-monteiro-continua-realizando-desinfeccao-de-ruas-do-municipio\/","title":{"rendered":"Prefeitura de Monteiro continua realizando desinfec\u00e7\u00e3o de ruas do munic\u00edpio"},"content":{"rendered":"\n<p>Contando com o empenho dos funcion\u00e1rios, a gest\u00e3o municipal, atrav\u00e9s da Secretaria de Sa\u00fade continua o trabalho de desinfec\u00e7\u00e3o das ruas do munic\u00edpio de Monteiro.<\/p>\n\n\n\n<p>A a\u00e7\u00e3o teve in\u00edcio na tarde desta ter\u00e7a-feira, 31 de mar\u00e7o e segue nesta quarta-feira, 01 de abril, a partir das 15 horas, nas seguintes localidades: Rua do Bar Le\u00e3o de Ouro, Rua da Escola Monteiro Lobato, Pra\u00e7a da Saudade, Rua da V\u00e1rzea, Rua Vespaziano Guerra e Rua dos Pereiros.<\/p>\n\n\n\n<p>De acordo com informa\u00e7\u00f5es da secret\u00e1ria de Sa\u00fade, Paula Oliveira, todas as ruas do munic\u00edpio passar\u00e3o por este processo, como mais uma&nbsp;das medidas adotadas para prote\u00e7\u00e3o da popula\u00e7\u00e3o contra o coronav\u00edrus.<\/p>\n\n\n\n<p>\u201cS\u00e3o medidas como estas que est\u00e3o garantindo que nosso munic\u00edpio continue sem nenhuma ocorr\u00eancia de caso de coronav\u00edrus. Precisamos do apoio de cada um, resguardando a quarentena, evitando ao m\u00e1ximo aglomera\u00e7\u00f5es e demais recomenda\u00e7\u00f5es j\u00e1 emitidas pelos canais oficiais da Prefeitura\u201d, complementa Paula Oliveira.Para que toda a popula\u00e7\u00e3o continue segura, durante o procedimento de desinfec\u00e7\u00e3o nas ruas \u00e9 necess\u00e1rio que os moradores permane\u00e7am&nbsp;<\/p>\n\n\n\n<div class=\"wp-block-image\"><figure class=\"alignleft\"><img decoding=\"async\" data-src=\"https:\/\/i2.wp.com\/www.vitrinedocariri.com.br\/wp-content\/uploads\/2020\/04\/Ofi_Desinfec%C3%A7%C3%A3o-Dia-001-4.jpeg?resize=300%2C199&amp;ssl=1\" alt=\"\" class=\"wp-image-67547 lazyload\" src=\"data:image\/svg+xml;base64,PHN2ZyB3aWR0aD0iMSIgaGVpZ2h0PSIxIiB4bWxucz0iaHR0cDovL3d3dy53My5vcmcvMjAwMC9zdmciPjwvc3ZnPg==\" \/><\/figure><\/div>\n\n\n\n<p>dentro de suas resid\u00eancias durante a aplica\u00e7\u00e3o e no m\u00ednimo uma hora ap\u00f3s o t\u00e9rmino. Ainda \u00e9 necess\u00e1rio que as ruas esteja desobstru\u00eddas, ent\u00e3o \u00e9 recomendado que os ve\u00edculos estejam fora das rua e dentro de garagens.<\/p>\n","protected":false},"excerpt":{"rendered":"<p>Contando com o empenho dos funcion\u00e1rios, a gest\u00e3o municipal, atrav\u00e9s da Secretaria de Sa\u00fade continua o trabalho de desinfec\u00e7\u00e3o das ruas do munic\u00edpio de Monteiro.&hellip; <\/p>\n","protected":false},"author":2,"featured_media":161776,"comment_status":"closed","ping_status":"closed","sticky":false,"template":"","format":"standard","meta":{"sfsi_plus_gutenberg_text_before_share":"","sfsi_plus_gutenberg_show_text_before_share":"","sfsi_plus_gutenberg_icon_type":"","sfsi_plus_gutenberg_icon_alignemt":"","sfsi_plus_gutenburg_max_per_row":"","footnotes":""},"categories":[2],"tags":[],"class_list":["post-161775","post","type-post","status-publish","format-standard","has-post-thumbnail","hentry","category-geral"],"_links":{"self":[{"href":"https:\/\/www.caririemacao.com\/1\/wp-json\/wp\/v2\/posts\/161775","targetHints":{"allow":["GET"]}}],"collection":[{"href":"https:\/\/www.caririemacao.com\/1\/wp-json\/wp\/v2\/posts"}],"about":[{"href":"https:\/\/www.caririemacao.com\/1\/wp-json\/wp\/v2\/types\/post"}],"author":[{"embeddable":true,"href":"https:\/\/www.caririemacao.com\/1\/wp-json\/wp\/v2\/users\/2"}],"replies":[{"embeddable":true,"href":"https:\/\/www.caririemacao.com\/1\/wp-json\/wp\/v2\/comments?post=161775"}],"version-history":[{"count":2,"href":"https:\/\/www.caririemacao.com\/1\/wp-json\/wp\/v2\/posts\/161775\/revisions"}],"predecessor-version":[{"id":161807,"href":"https:\/\/www.caririemacao.com\/1\/wp-json\/wp\/v2\/posts\/161775\/revisions\/161807"}],"wp:featuredmedia":[{"embeddable":true,"href":"https:\/\/www.caririemacao.com\/1\/wp-json\/wp\/v2\/media\/161776"}],"wp:attachment":[{"href":"https:\/\/www.caririemacao.com\/1\/wp-json\/wp\/v2\/media?parent=161775"}],"wp:term":[{"taxonomy":"category","embeddable":true,"href":"https:\/\/www.caririemacao.com\/1\/wp-json\/wp\/v2\/categories?post=161775"},{"taxonomy":"post_tag","embeddable":true,"href":"https:\/\/www.caririemacao.com\/1\/wp-json\/wp\/v2\/tags?post=161775"}],"curies":[{"name":"wp","href":"https:\/\/api.w.org\/{rel}","templated":true}]}}