{"id":161785,"date":"2020-04-02T08:56:09","date_gmt":"2020-04-02T11:56:09","guid":{"rendered":"http:\/\/www.caririemacao.com\/1\/?p=161785"},"modified":"2020-04-02T08:56:11","modified_gmt":"2020-04-02T11:56:11","slug":"prefeitura-de-camalau-prorroga-prazo-das-inscricoes-do-processo-seletivo-2","status":"publish","type":"post","link":"https:\/\/www.caririemacao.com\/1\/2020\/04\/02\/prefeitura-de-camalau-prorroga-prazo-das-inscricoes-do-processo-seletivo-2\/","title":{"rendered":"Prefeitura de Camala\u00fa prorroga prazo das inscri\u00e7\u00f5es do Processo Seletivo"},"content":{"rendered":"\n<p>A Prefeitura Municipal de Camala\u00fa esta prorrogando o prazo de inscri\u00e7\u00f5es para o Processo Seletivo n\u00b0002\/2020, de 01 a 05 de abril.<\/p>\n\n\n\n<p><br>As inscri\u00e7\u00f5es poder\u00e3o ser feitas gratuitamente e exclusivamente pelo site da Prefeitura (camalau.pb.gov.br).<\/p>\n\n\n\n<p><br>As vagas ofertadas s\u00e3o para os cargos de Auxiliar de Enfermagem para a sede do PSF I \u2013 Pindur\u00e3o, Nutricionista e Psic\u00f3logo para o N\u00facleo de Apoio \u00e0 Sa\u00fade da Fam\u00edlia-NASF<\/p>\n","protected":false},"excerpt":{"rendered":"<p>A Prefeitura Municipal de Camala\u00fa esta prorrogando o prazo de inscri\u00e7\u00f5es para o Processo Seletivo n\u00b0002\/2020, de 01 a 05 de abril. As inscri\u00e7\u00f5es poder\u00e3o&hellip; <\/p>\n","protected":false},"author":2,"featured_media":52127,"comment_status":"closed","ping_status":"closed","sticky":false,"template":"","format":"standard","meta":{"sfsi_plus_gutenberg_text_before_share":"","sfsi_plus_gutenberg_show_text_before_share":"","sfsi_plus_gutenberg_icon_type":"","sfsi_plus_gutenberg_icon_alignemt":"","sfsi_plus_gutenburg_max_per_row":"","footnotes":""},"categories":[6],"tags":[],"class_list":["post-161785","post","type-post","status-publish","format-standard","has-post-thumbnail","hentry","category-cidades"],"_links":{"self":[{"href":"https:\/\/www.caririemacao.com\/1\/wp-json\/wp\/v2\/posts\/161785","targetHints":{"allow":["GET"]}}],"collection":[{"href":"https:\/\/www.caririemacao.com\/1\/wp-json\/wp\/v2\/posts"}],"about":[{"href":"https:\/\/www.caririemacao.com\/1\/wp-json\/wp\/v2\/types\/post"}],"author":[{"embeddable":true,"href":"https:\/\/www.caririemacao.com\/1\/wp-json\/wp\/v2\/users\/2"}],"replies":[{"embeddable":true,"href":"https:\/\/www.caririemacao.com\/1\/wp-json\/wp\/v2\/comments?post=161785"}],"version-history":[{"count":1,"href":"https:\/\/www.caririemacao.com\/1\/wp-json\/wp\/v2\/posts\/161785\/revisions"}],"predecessor-version":[{"id":161786,"href":"https:\/\/www.caririemacao.com\/1\/wp-json\/wp\/v2\/posts\/161785\/revisions\/161786"}],"wp:featuredmedia":[{"embeddable":true,"href":"https:\/\/www.caririemacao.com\/1\/wp-json\/wp\/v2\/media\/52127"}],"wp:attachment":[{"href":"https:\/\/www.caririemacao.com\/1\/wp-json\/wp\/v2\/media?parent=161785"}],"wp:term":[{"taxonomy":"category","embeddable":true,"href":"https:\/\/www.caririemacao.com\/1\/wp-json\/wp\/v2\/categories?post=161785"},{"taxonomy":"post_tag","embeddable":true,"href":"https:\/\/www.caririemacao.com\/1\/wp-json\/wp\/v2\/tags?post=161785"}],"curies":[{"name":"wp","href":"https:\/\/api.w.org\/{rel}","templated":true}]}}