{"id":161791,"date":"2020-04-02T09:01:58","date_gmt":"2020-04-02T12:01:58","guid":{"rendered":"http:\/\/www.caririemacao.com\/1\/?p=161791"},"modified":"2020-04-02T09:02:00","modified_gmt":"2020-04-02T12:02:00","slug":"gestao-de-ss-do-umbuzeiro-entrega-espigas-de-milho-a-populacao-em-parceria-com-a-conab","status":"publish","type":"post","link":"https:\/\/www.caririemacao.com\/1\/2020\/04\/02\/gestao-de-ss-do-umbuzeiro-entrega-espigas-de-milho-a-populacao-em-parceria-com-a-conab\/","title":{"rendered":"Gest\u00e3o de SS do Umbuzeiro entrega espigas de milho \u00e0 popula\u00e7\u00e3o em parceria com a CONAB"},"content":{"rendered":"\n<p>A prefeitura municipal de S\u00e3o Sebasti\u00e3o do Umbuzeiro est\u00e1 buscando cada vez mais ajudar as fam\u00edlias mais carentes do munic\u00edpio, principalmente em tempos de pandemia mundial, e depois da recente enchente registrada na cidade.<\/p>\n\n\n\n<p><br>Nesta quarta feira, 01, foi confirmada a parceria com a Conab atrav\u00e9s da qual est\u00e1 sendo realizada a distribui\u00e7\u00e3o de 2.500 espigas de milho para as fam\u00edlias de baixa renda.<\/p>\n\n\n\n<p><br>Vale lembrar que as entregas est\u00e3o sendo feitas de porta em porta nas resid\u00eancias da popula\u00e7\u00e3o, para evitar aglomera\u00e7\u00f5es.<br>Tem sido prioridade da gest\u00e3o do prefeito Adriano Wolff a busca por parcerias que tragam benef\u00edcios para todos os saosebastianenses.<\/p>\n\n\n\n<p><br><strong>F\u00c1BIO BRITO<\/strong><\/p>\n","protected":false},"excerpt":{"rendered":"<p>A prefeitura municipal de S\u00e3o Sebasti\u00e3o do Umbuzeiro est\u00e1 buscando cada vez mais ajudar as fam\u00edlias mais carentes do munic\u00edpio, principalmente em tempos de pandemia&hellip; <\/p>\n","protected":false},"author":2,"featured_media":35931,"comment_status":"closed","ping_status":"closed","sticky":false,"template":"","format":"standard","meta":{"sfsi_plus_gutenberg_text_before_share":"","sfsi_plus_gutenberg_show_text_before_share":"","sfsi_plus_gutenberg_icon_type":"","sfsi_plus_gutenberg_icon_alignemt":"","sfsi_plus_gutenburg_max_per_row":"","footnotes":""},"categories":[6],"tags":[],"class_list":["post-161791","post","type-post","status-publish","format-standard","has-post-thumbnail","hentry","category-cidades"],"_links":{"self":[{"href":"https:\/\/www.caririemacao.com\/1\/wp-json\/wp\/v2\/posts\/161791","targetHints":{"allow":["GET"]}}],"collection":[{"href":"https:\/\/www.caririemacao.com\/1\/wp-json\/wp\/v2\/posts"}],"about":[{"href":"https:\/\/www.caririemacao.com\/1\/wp-json\/wp\/v2\/types\/post"}],"author":[{"embeddable":true,"href":"https:\/\/www.caririemacao.com\/1\/wp-json\/wp\/v2\/users\/2"}],"replies":[{"embeddable":true,"href":"https:\/\/www.caririemacao.com\/1\/wp-json\/wp\/v2\/comments?post=161791"}],"version-history":[{"count":1,"href":"https:\/\/www.caririemacao.com\/1\/wp-json\/wp\/v2\/posts\/161791\/revisions"}],"predecessor-version":[{"id":161792,"href":"https:\/\/www.caririemacao.com\/1\/wp-json\/wp\/v2\/posts\/161791\/revisions\/161792"}],"wp:featuredmedia":[{"embeddable":true,"href":"https:\/\/www.caririemacao.com\/1\/wp-json\/wp\/v2\/media\/35931"}],"wp:attachment":[{"href":"https:\/\/www.caririemacao.com\/1\/wp-json\/wp\/v2\/media?parent=161791"}],"wp:term":[{"taxonomy":"category","embeddable":true,"href":"https:\/\/www.caririemacao.com\/1\/wp-json\/wp\/v2\/categories?post=161791"},{"taxonomy":"post_tag","embeddable":true,"href":"https:\/\/www.caririemacao.com\/1\/wp-json\/wp\/v2\/tags?post=161791"}],"curies":[{"name":"wp","href":"https:\/\/api.w.org\/{rel}","templated":true}]}}