{"id":161796,"date":"2020-04-02T09:05:51","date_gmt":"2020-04-02T12:05:51","guid":{"rendered":"http:\/\/www.caririemacao.com\/1\/?p=161796"},"modified":"2020-04-02T09:05:53","modified_gmt":"2020-04-02T12:05:53","slug":"prefeitura-de-monteiro-entrega-kits-nutricionais-e-oferece-reforco-alimentar-para-familias-da-zona-urbana-e-zona-rural","status":"publish","type":"post","link":"https:\/\/www.caririemacao.com\/1\/2020\/04\/02\/prefeitura-de-monteiro-entrega-kits-nutricionais-e-oferece-reforco-alimentar-para-familias-da-zona-urbana-e-zona-rural\/","title":{"rendered":"Prefeitura de Monteiro entrega kits nutricionais e oferece refor\u00e7o alimentar para fam\u00edlias da zona urbana e zona rural"},"content":{"rendered":"\n<p>Mantendo o compromisso de amenizar ao m\u00e1ximo os efeitos do momento de isolamento social em virtude da pandemia, a prefeitura de Monteiro cumpriu semana passada com um dos mais importantes compromissos firmados com a popula\u00e7\u00e3o.<\/p>\n\n\n\n<p><br>Entre os dias, 23 e 27, foram entregues pela gest\u00e3o municipal\u00a0\u00a0os kits nutricionais, que est\u00e3o sendo disponibilizados para suprir a suspens\u00e3o da merenda, em virtude do cancelamento das aulas da rede municipal.<br>Os kits foram entregues na regi\u00e3o de Santa Catarina, beneficiando 50 fam\u00edlias, al\u00e9m de beneficiar os alunos matriculados na EMEIEF Tercio Caldeira localizada no s\u00edtio Pau Ferro. Tamb\u00e9m foram beneficiadas 70 fam\u00edlias da regi\u00e3o de Cacimba de Cima.<\/p>\n\n\n\n<p><br>Esta semana (de 30\/03 a 03\/04 ) est\u00e3o sendo entregues os kits nutricionais das Creches Escolas da Rede Municipal de Ensino.<br>Entre os dias 06 e 17 de abril a entrega ser\u00e1 feira tamb\u00e9m nos Centros de Educa\u00e7\u00e3o Infantil-CEIs e Escolas de Ensino Fundamental da Rede Municipal de Ensino zona urbana e rural.<\/p>\n\n\n\n<p><br>Para evitar aglomera\u00e7\u00f5es, as diretoras das unidades escolares entrar\u00e3o em contato com os pais informando o dia da semana em que cada turma ir\u00e1 receber seu kit, promovendo a entrega de forma organizada e obedecendo as determina\u00e7\u00f5es impostas neste per\u00edodo de pandemia.<br><\/p>\n","protected":false},"excerpt":{"rendered":"<p>Mantendo o compromisso de amenizar ao m\u00e1ximo os efeitos do momento de isolamento social em virtude da pandemia, a prefeitura de Monteiro cumpriu semana passada&hellip; <\/p>\n","protected":false},"author":2,"featured_media":161797,"comment_status":"closed","ping_status":"closed","sticky":false,"template":"","format":"standard","meta":{"sfsi_plus_gutenberg_text_before_share":"","sfsi_plus_gutenberg_show_text_before_share":"","sfsi_plus_gutenberg_icon_type":"","sfsi_plus_gutenberg_icon_alignemt":"","sfsi_plus_gutenburg_max_per_row":"","footnotes":""},"categories":[6],"tags":[],"class_list":["post-161796","post","type-post","status-publish","format-standard","has-post-thumbnail","hentry","category-cidades"],"_links":{"self":[{"href":"https:\/\/www.caririemacao.com\/1\/wp-json\/wp\/v2\/posts\/161796","targetHints":{"allow":["GET"]}}],"collection":[{"href":"https:\/\/www.caririemacao.com\/1\/wp-json\/wp\/v2\/posts"}],"about":[{"href":"https:\/\/www.caririemacao.com\/1\/wp-json\/wp\/v2\/types\/post"}],"author":[{"embeddable":true,"href":"https:\/\/www.caririemacao.com\/1\/wp-json\/wp\/v2\/users\/2"}],"replies":[{"embeddable":true,"href":"https:\/\/www.caririemacao.com\/1\/wp-json\/wp\/v2\/comments?post=161796"}],"version-history":[{"count":1,"href":"https:\/\/www.caririemacao.com\/1\/wp-json\/wp\/v2\/posts\/161796\/revisions"}],"predecessor-version":[{"id":161798,"href":"https:\/\/www.caririemacao.com\/1\/wp-json\/wp\/v2\/posts\/161796\/revisions\/161798"}],"wp:featuredmedia":[{"embeddable":true,"href":"https:\/\/www.caririemacao.com\/1\/wp-json\/wp\/v2\/media\/161797"}],"wp:attachment":[{"href":"https:\/\/www.caririemacao.com\/1\/wp-json\/wp\/v2\/media?parent=161796"}],"wp:term":[{"taxonomy":"category","embeddable":true,"href":"https:\/\/www.caririemacao.com\/1\/wp-json\/wp\/v2\/categories?post=161796"},{"taxonomy":"post_tag","embeddable":true,"href":"https:\/\/www.caririemacao.com\/1\/wp-json\/wp\/v2\/tags?post=161796"}],"curies":[{"name":"wp","href":"https:\/\/api.w.org\/{rel}","templated":true}]}}