{"id":161800,"date":"2020-04-02T09:11:50","date_gmt":"2020-04-02T12:11:50","guid":{"rendered":"http:\/\/www.caririemacao.com\/1\/?p=161800"},"modified":"2020-04-02T09:11:51","modified_gmt":"2020-04-02T12:11:51","slug":"presas-da-penitenciaria-julia-maranhao-trabalham-na-producao-de-mascaras-de-protecao-para-o-combate-ao-covid-19","status":"publish","type":"post","link":"https:\/\/www.caririemacao.com\/1\/2020\/04\/02\/presas-da-penitenciaria-julia-maranhao-trabalham-na-producao-de-mascaras-de-protecao-para-o-combate-ao-covid-19\/","title":{"rendered":"Presas da Penitenci\u00e1ria J\u00falia Maranh\u00e3o trabalham na produ\u00e7\u00e3o de m\u00e1scaras de prote\u00e7\u00e3o para o combate ao Covid-19"},"content":{"rendered":"\n<p>As presas do&nbsp;projeto \u201cCastelo de Bonecas\u201d, desenvolvido na Penitenci\u00e1ria Feminina Maria J\u00falia Maranh\u00e3o, na cidade de Jo\u00e3o Pessoa, na Para\u00edba, est\u00e3o produzindo m\u00e1scaras de prote\u00e7\u00e3o descart\u00e1veis&nbsp;para o combate ao Covid-19.&nbsp;O objetivo \u00e9 suprir a demanda dos policiais penais e equipes de sa\u00fade nas 79 unidades prisionais do estado.&nbsp;<\/p>\n\n\n\n<p>N\u00e3o s\u00f3 na Para\u00edba, mas em outros&nbsp;estados brasileiros, presos de unidades prisionais tamb\u00e9m est\u00e3o produzindo m\u00e1scaras de prote\u00e7\u00e3o em combate ao Coronav\u00edrus. A&nbsp;estimativa \u00e9 que cheguem a fabricar cerca de 300 mil m\u00e1scaras semanais.&nbsp;<\/p>\n\n\n\n<p>Cada unidade federativa dar\u00e1 destina\u00e7\u00e3o para o que for produzido, a maioria delas ser\u00e1 para o pr\u00f3prio consumo. Em S\u00e3o Paulo, maior popula\u00e7\u00e3o carcer\u00e1ria do Brasil, a fabrica\u00e7\u00e3o pode chegar a 33 mil m\u00e1scaras por dia.<\/p>\n\n\n\n<p>Em Santa Catarina,&nbsp; no Complexo Penitenci\u00e1rio de Chapec\u00f3, o projeto para a produ\u00e7\u00e3o foi desenvolvido com uma empresa privada envolvendo o emprego de 40 presos. J\u00e1 foram produzidas 150 mil m\u00e1scaras, que aguardam o laudo de efici\u00eancia para atender as normas previstas pela ANVISA.&nbsp;<\/p>\n\n\n\n<p>No Rio Grande do Sul, presas do Pres\u00eddio Feminino de Lajeado e do Pres\u00eddio Feminino de Torres iniciaram a confec\u00e7\u00e3o de m\u00e1scaras de tecido para serem doadas a servidores da seguran\u00e7a p\u00fablica. Essas oficinas est\u00e3o funcionando de forma volunt\u00e1ria, mas o projeto ser\u00e1 expandido at\u00e9 o final desta semana. A Superintend\u00eancia dos Servi\u00e7os Penitenci\u00e1rios (Susepe), est\u00e1 organizando a implanta\u00e7\u00e3o de 12 oficinas de confec\u00e7\u00e3o de m\u00e1scaras distribu\u00eddas em todas as regi\u00f5es penitenci\u00e1rias estado.<\/p>\n\n\n\n<p>No Acre, o governo firmou, por meio da Secretaria de Justi\u00e7a e Seguran\u00e7a P\u00fablica (Sejusp) e o Instituto de Administra\u00e7\u00e3o Penitenci\u00e1ria (Iapen), um termo de coopera\u00e7\u00e3o que ir\u00e1 possibilitar a confec\u00e7\u00e3o de m\u00e1scaras descart\u00e1veis. A m\u00e3o de obra utilizada ser\u00e1 a de apenadas da Unidade de Regime Fechado Feminina de Rio Branco. O termo garante a produ\u00e7\u00e3o di\u00e1ria de 200 m\u00e1scaras descart\u00e1veis, e ser\u00e3o distribu\u00eddas entre as institui\u00e7\u00f5es que comp\u00f5em o Sistema Integrado de Seguran\u00e7a P\u00fablica (Sisp)<\/p>\n\n\n\n<p>Em alguns estados do pa\u00eds os projetos est\u00e3o em fase de implanta\u00e7\u00e3o. Em Minas Gerais, as atividades contar\u00e3o com a participa\u00e7\u00e3o de 20 unidades penais e cerca de 200 presos envolvidos nas linhas de produ\u00e7\u00e3o. A Secretaria de Estado de Governo de Minas Gerais (SEGOV), prev\u00ea que sejam produzidas 22 mil m\u00e1scaras por dia para o uso da popula\u00e7\u00e3o, hospitais, asilos e pelas for\u00e7as de seguran\u00e7a do estado. O projeto conta com a parceria de empres\u00e1rios, sociedade civil e prefeituras por meio da doa\u00e7\u00e3o de insumos.&nbsp;<\/p>\n\n\n\n<p>&nbsp;No Par\u00e1, h\u00e1 expectativa de in\u00edcio de produ\u00e7\u00e3o de 15 mil m\u00e1scaras semanais no sistema prisional. O estado pretende fazer parcerias para capacita\u00e7\u00e3o de equipes e aparelhamento de ambientes adequados para a produ\u00e7\u00e3o de \u201c\u00e1lcool em gel\u201d e \u201cprodutos de limpeza\u201d, de acordo com crit\u00e9rios, normatiza\u00e7\u00f5es e regulamenta\u00e7\u00f5es espec\u00edficas, para preserva\u00e7\u00e3o da sa\u00fade, integridade f\u00edsica dos trabalhadores e garantia da qualidade dos itens durante os processos de produ\u00e7\u00e3o.&nbsp;<\/p>\n\n\n\n<figure class=\"wp-block-image\"><img decoding=\"async\" data-src=\"https:\/\/www.clickpb.com.br\/media\/filer_public\/cf\/bc\/cfbc01bc-b03f-4c1e-b478-10865979dc29\/producao.jpeg\" alt=\"\" src=\"data:image\/svg+xml;base64,PHN2ZyB3aWR0aD0iMSIgaGVpZ2h0PSIxIiB4bWxucz0iaHR0cDovL3d3dy53My5vcmcvMjAwMC9zdmciPjwvc3ZnPg==\" class=\"lazyload\" \/><\/figure>\n\n\n\n<p><strong>Depen incentiva o trabalho prisional<\/strong><\/p>\n\n\n\n<p>O Departamento Penitenci\u00e1rio Nacional (DEPEN) produziu uma nota t\u00e9cnica com o objetivo de disseminar e fomentar junto aos Estados da Federa\u00e7\u00e3o o modelo de fundo rotativo como ferramenta estrat\u00e9gica para a gera\u00e7\u00e3o de vagas de trabalho no sistema prisional.&nbsp;<\/p>\n\n\n\n<p>O trabalho prisional est\u00e1 previsto na Lei de Execu\u00e7\u00e3o Penal (LEP), na qual discorre, entre outras coisas, que o preso condenado \u00e0 pena privativa de liberdade est\u00e1 obrigado ao trabalho na medida de suas aptid\u00f5es e capacidade. Para o preso provis\u00f3rio, o trabalho n\u00e3o \u00e9 obrigat\u00f3rio.&nbsp;<\/p>\n\n\n\n<p>Al\u00e9m disso, o trabalho pode ser visto como for\u00e7a motriz para o desenvolvimento do pa\u00eds. Na Constitui\u00e7\u00e3o Federal, j\u00e1 no seu artigo primeiro, tem como fundamentos: III &#8211; a dignidade da pessoa humana; IV &#8211; os valores sociais do trabalho e da livre iniciava;<\/p>\n\n\n\n<p>Segundo o Infopen 2019, 143.561 presos trabalham no sistema prisional. A informa\u00e7\u00e3o do trabalho laboral foi adicionada recentemente no Infopen, o que colabora para o melhor diagn\u00f3stico do sistema prisional brasileiro e contribui para a elabora\u00e7\u00e3o de pol\u00edticas p\u00fablicas para os privados de liberdade.<\/p>\n","protected":false},"excerpt":{"rendered":"<p>As presas do&nbsp;projeto \u201cCastelo de Bonecas\u201d, desenvolvido na Penitenci\u00e1ria Feminina Maria J\u00falia Maranh\u00e3o, na cidade de Jo\u00e3o Pessoa, na Para\u00edba, est\u00e3o produzindo m\u00e1scaras de prote\u00e7\u00e3o&hellip; <\/p>\n","protected":false},"author":2,"featured_media":161801,"comment_status":"closed","ping_status":"closed","sticky":false,"template":"","format":"standard","meta":{"sfsi_plus_gutenberg_text_before_share":"","sfsi_plus_gutenberg_show_text_before_share":"","sfsi_plus_gutenberg_icon_type":"","sfsi_plus_gutenberg_icon_alignemt":"","sfsi_plus_gutenburg_max_per_row":"","footnotes":""},"categories":[2],"tags":[],"class_list":["post-161800","post","type-post","status-publish","format-standard","has-post-thumbnail","hentry","category-geral"],"_links":{"self":[{"href":"https:\/\/www.caririemacao.com\/1\/wp-json\/wp\/v2\/posts\/161800","targetHints":{"allow":["GET"]}}],"collection":[{"href":"https:\/\/www.caririemacao.com\/1\/wp-json\/wp\/v2\/posts"}],"about":[{"href":"https:\/\/www.caririemacao.com\/1\/wp-json\/wp\/v2\/types\/post"}],"author":[{"embeddable":true,"href":"https:\/\/www.caririemacao.com\/1\/wp-json\/wp\/v2\/users\/2"}],"replies":[{"embeddable":true,"href":"https:\/\/www.caririemacao.com\/1\/wp-json\/wp\/v2\/comments?post=161800"}],"version-history":[{"count":1,"href":"https:\/\/www.caririemacao.com\/1\/wp-json\/wp\/v2\/posts\/161800\/revisions"}],"predecessor-version":[{"id":161802,"href":"https:\/\/www.caririemacao.com\/1\/wp-json\/wp\/v2\/posts\/161800\/revisions\/161802"}],"wp:featuredmedia":[{"embeddable":true,"href":"https:\/\/www.caririemacao.com\/1\/wp-json\/wp\/v2\/media\/161801"}],"wp:attachment":[{"href":"https:\/\/www.caririemacao.com\/1\/wp-json\/wp\/v2\/media?parent=161800"}],"wp:term":[{"taxonomy":"category","embeddable":true,"href":"https:\/\/www.caririemacao.com\/1\/wp-json\/wp\/v2\/categories?post=161800"},{"taxonomy":"post_tag","embeddable":true,"href":"https:\/\/www.caririemacao.com\/1\/wp-json\/wp\/v2\/tags?post=161800"}],"curies":[{"name":"wp","href":"https:\/\/api.w.org\/{rel}","templated":true}]}}