{"id":161809,"date":"2020-04-02T13:03:22","date_gmt":"2020-04-02T16:03:22","guid":{"rendered":"http:\/\/www.caririemacao.com\/1\/?p=161809"},"modified":"2020-04-02T13:03:23","modified_gmt":"2020-04-02T16:03:23","slug":"divulgada-lista-de-profissionais-da-saude-selecionados-para-atuar-no-combate-ao-covid-19-na-paraiba","status":"publish","type":"post","link":"https:\/\/www.caririemacao.com\/1\/2020\/04\/02\/divulgada-lista-de-profissionais-da-saude-selecionados-para-atuar-no-combate-ao-covid-19-na-paraiba\/","title":{"rendered":"Divulgada lista de profissionais da sa\u00fade selecionados para atuar no combate ao Covid-19 na Para\u00edba"},"content":{"rendered":"\n<p>A lista de profissionais da sa\u00fade selecionados para atuar no combate ao Coronav\u00edrus na Para\u00edba foi divulgada, nesta quinta-feira (2), no Di\u00e1rio Oficial. A contrata\u00e7\u00e3o de 2.453 profissionais \u00e9 em car\u00e1ter de urg\u00eancia e se deu por Chamamento P\u00fablico.&nbsp;<\/p>\n\n\n\n<p><a href=\"https:\/\/www.clickpb.com.br\/media\/filer_public\/e7\/a1\/e7a19462-6cd1-4345-9cf8-6702fc4530fa\/diario-oficial-02-04-2020.pdf\">Confira o Di\u00e1rio a partir da p\u00e1gina 7<\/a><\/p>\n\n\n\n<p>Os profissionais v\u00e3o atuar nas regi\u00f5es de sa\u00fade das cidades de Jo\u00e3o Pessoa, Campina Grande, Cajazeiras, Patos, Pombal e Mamanguape.&nbsp;<\/p>\n\n\n\n<p>Em raz\u00e3o da finalidade de emerg\u00eancia e urg\u00eancia da chamada, n\u00e3o cabe recurso do resultado.&nbsp;De acordo com o edital, algumas categorias as vagas n\u00e3o foram completamente preenchidas.&nbsp;<\/p>\n\n\n\n<p>A convoca\u00e7\u00e3o pela Secretaria de Estado da Sa\u00fade, para assinatura do contrato, obedecer\u00e1 ao crit\u00e9rio do dia, hora, minuto e segundo da inscri\u00e7\u00e3o conclu\u00edda e validada. O candidato convocado para assinatura do contrato de emerg\u00eancia ficar\u00e1 obrigado a se apresentar com c\u00f3pias acompanhadas dos originais de toda documenta\u00e7\u00e3o exigida no edital. O candidato que n\u00e3o apresentar os documentos fica sujeito a n\u00e3o contrata\u00e7\u00e3o.&nbsp;<\/p>\n\n\n\n<p>Os contratos de trabalho t\u00eam validade de 90 dias, podendo ser prorrogado por per\u00edodo igual, caso necess\u00e1rio. Os candidatos concorrem apenas \u00e0 vaga da ger\u00eancia regional para qual se inscreveu. Todos os cargos t\u00eam remunera\u00e7\u00e3o de R$ 1.500 para 40 horas semanais. No caso do plant\u00e3o de seis horas, o cargo de m\u00e9dico tem remunera\u00e7\u00e3o de R$ 600. Os demais cargos de n\u00edvel superior, no plant\u00e3o de seis horas, t\u00eam remunera\u00e7\u00e3o de R$ 150. J\u00e1 os de n\u00edvel m\u00e9dio e t\u00e9cnico, t\u00eam remunera\u00e7\u00e3o de R$ 100. Para os plant\u00f5es de 12 horas, da Central de Regula\u00e7\u00e3o, a remunera\u00e7\u00e3o \u00e9 de R$ 1.250 para m\u00e9dicos, R$ 205 para enfermeiros e R$ 150 para videofonistas.<\/p>\n","protected":false},"excerpt":{"rendered":"<p>A lista de profissionais da sa\u00fade selecionados para atuar no combate ao Coronav\u00edrus na Para\u00edba foi divulgada, nesta quinta-feira (2), no Di\u00e1rio Oficial. A contrata\u00e7\u00e3o&hellip; <\/p>\n","protected":false},"author":2,"featured_media":161810,"comment_status":"closed","ping_status":"closed","sticky":false,"template":"","format":"standard","meta":{"sfsi_plus_gutenberg_text_before_share":"","sfsi_plus_gutenberg_show_text_before_share":"","sfsi_plus_gutenberg_icon_type":"","sfsi_plus_gutenberg_icon_alignemt":"","sfsi_plus_gutenburg_max_per_row":"","footnotes":""},"categories":[16],"tags":[],"class_list":["post-161809","post","type-post","status-publish","format-standard","has-post-thumbnail","hentry","category-saude"],"_links":{"self":[{"href":"https:\/\/www.caririemacao.com\/1\/wp-json\/wp\/v2\/posts\/161809","targetHints":{"allow":["GET"]}}],"collection":[{"href":"https:\/\/www.caririemacao.com\/1\/wp-json\/wp\/v2\/posts"}],"about":[{"href":"https:\/\/www.caririemacao.com\/1\/wp-json\/wp\/v2\/types\/post"}],"author":[{"embeddable":true,"href":"https:\/\/www.caririemacao.com\/1\/wp-json\/wp\/v2\/users\/2"}],"replies":[{"embeddable":true,"href":"https:\/\/www.caririemacao.com\/1\/wp-json\/wp\/v2\/comments?post=161809"}],"version-history":[{"count":1,"href":"https:\/\/www.caririemacao.com\/1\/wp-json\/wp\/v2\/posts\/161809\/revisions"}],"predecessor-version":[{"id":161811,"href":"https:\/\/www.caririemacao.com\/1\/wp-json\/wp\/v2\/posts\/161809\/revisions\/161811"}],"wp:featuredmedia":[{"embeddable":true,"href":"https:\/\/www.caririemacao.com\/1\/wp-json\/wp\/v2\/media\/161810"}],"wp:attachment":[{"href":"https:\/\/www.caririemacao.com\/1\/wp-json\/wp\/v2\/media?parent=161809"}],"wp:term":[{"taxonomy":"category","embeddable":true,"href":"https:\/\/www.caririemacao.com\/1\/wp-json\/wp\/v2\/categories?post=161809"},{"taxonomy":"post_tag","embeddable":true,"href":"https:\/\/www.caririemacao.com\/1\/wp-json\/wp\/v2\/tags?post=161809"}],"curies":[{"name":"wp","href":"https:\/\/api.w.org\/{rel}","templated":true}]}}