{"id":161827,"date":"2020-04-02T13:06:44","date_gmt":"2020-04-02T16:06:44","guid":{"rendered":"http:\/\/www.caririemacao.com\/1\/?p=161827"},"modified":"2020-04-02T13:06:46","modified_gmt":"2020-04-02T16:06:46","slug":"governo-do-estado-isenta-familias-de-baixa-renda-do-pagamento-de-contas-de-agua-por-tres-meses","status":"publish","type":"post","link":"https:\/\/www.caririemacao.com\/1\/2020\/04\/02\/governo-do-estado-isenta-familias-de-baixa-renda-do-pagamento-de-contas-de-agua-por-tres-meses\/","title":{"rendered":"Governo do Estado isenta fam\u00edlias de baixa renda do pagamento de contas de \u00e1gua por tr\u00eas meses"},"content":{"rendered":"\n<p>Diante da situa\u00e7\u00e3o de quarentena em raz\u00e3o da pandemia de coronav\u00edrus, o governador Jo\u00e3o Azev\u00eado anunciou novas medidas sociais e econ\u00f4micas nesta quinta-feira (02) com a inten\u00e7\u00e3o de amenizar o impacto. Uma das principais medidas diz respeito \u00e0 isen\u00e7\u00e3o do pagamento das contas de \u00e1gua por fam\u00edlias de baixa renda.<br><\/p>\n\n\n\n<p>Segundo Jo\u00e3o Azev\u00eado, &#8220;durante abril, maio e junho, 26 mil fam\u00edlias n\u00e3o precisar\u00e3o pagar essas contas porque o Governo do Estado assumir\u00e1 essas contas&#8221;. Ele ressaltou que a Cagepa tem 26 mil fam\u00edlias cadastradas na tarifa social.<\/p>\n\n\n\n<p>As medidas foram anunciadas durante transmiss\u00e3o ao vivo feita pelas redes sociais do Governo da Para\u00edba nesta quinta-feira (02). Jo\u00e3o Azev\u00eado voltou a refor\u00e7ar a import\u00e2ncia do isolamento social. &#8220;O&nbsp;isolamento social tem se mostrado a \u00fanica ferramenta hoje real para fazer com que o sistema de sa\u00fade n\u00e3o entre em colapso&#8221;, destacou.<\/p>\n\n\n\n<p>Al\u00e9m da isen\u00e7\u00e3o do pagamento das contas de \u00e1gua pelas fam\u00edlias de baixa renda, outra medida anunciada por Jo\u00e3o Azev\u00eado foi a suspens\u00e3o do corte de \u00e1gua devido \u00e0 falta de pagamento. Esta medida atende a fam\u00edlias que tenham consumo mensal de \u00e1gua de at\u00e9 10 metros c\u00fabico, segundo o governador.<\/p>\n","protected":false},"excerpt":{"rendered":"<p>Diante da situa\u00e7\u00e3o de quarentena em raz\u00e3o da pandemia de coronav\u00edrus, o governador Jo\u00e3o Azev\u00eado anunciou novas medidas sociais e econ\u00f4micas nesta quinta-feira (02) com&hellip; <\/p>\n","protected":false},"author":2,"featured_media":92579,"comment_status":"closed","ping_status":"closed","sticky":false,"template":"","format":"standard","meta":{"sfsi_plus_gutenberg_text_before_share":"","sfsi_plus_gutenberg_show_text_before_share":"","sfsi_plus_gutenberg_icon_type":"","sfsi_plus_gutenberg_icon_alignemt":"","sfsi_plus_gutenburg_max_per_row":"","footnotes":""},"categories":[50,2],"tags":[],"class_list":["post-161827","post","type-post","status-publish","format-standard","has-post-thumbnail","hentry","category-destaque","category-geral"],"_links":{"self":[{"href":"https:\/\/www.caririemacao.com\/1\/wp-json\/wp\/v2\/posts\/161827","targetHints":{"allow":["GET"]}}],"collection":[{"href":"https:\/\/www.caririemacao.com\/1\/wp-json\/wp\/v2\/posts"}],"about":[{"href":"https:\/\/www.caririemacao.com\/1\/wp-json\/wp\/v2\/types\/post"}],"author":[{"embeddable":true,"href":"https:\/\/www.caririemacao.com\/1\/wp-json\/wp\/v2\/users\/2"}],"replies":[{"embeddable":true,"href":"https:\/\/www.caririemacao.com\/1\/wp-json\/wp\/v2\/comments?post=161827"}],"version-history":[{"count":1,"href":"https:\/\/www.caririemacao.com\/1\/wp-json\/wp\/v2\/posts\/161827\/revisions"}],"predecessor-version":[{"id":161829,"href":"https:\/\/www.caririemacao.com\/1\/wp-json\/wp\/v2\/posts\/161827\/revisions\/161829"}],"wp:featuredmedia":[{"embeddable":true,"href":"https:\/\/www.caririemacao.com\/1\/wp-json\/wp\/v2\/media\/92579"}],"wp:attachment":[{"href":"https:\/\/www.caririemacao.com\/1\/wp-json\/wp\/v2\/media?parent=161827"}],"wp:term":[{"taxonomy":"category","embeddable":true,"href":"https:\/\/www.caririemacao.com\/1\/wp-json\/wp\/v2\/categories?post=161827"},{"taxonomy":"post_tag","embeddable":true,"href":"https:\/\/www.caririemacao.com\/1\/wp-json\/wp\/v2\/tags?post=161827"}],"curies":[{"name":"wp","href":"https:\/\/api.w.org\/{rel}","templated":true}]}}