{"id":161841,"date":"2020-04-02T13:18:13","date_gmt":"2020-04-02T16:18:13","guid":{"rendered":"http:\/\/www.caririemacao.com\/1\/?p=161841"},"modified":"2020-04-02T13:18:14","modified_gmt":"2020-04-02T16:18:14","slug":"teste-rapido-de-covid-19-chance-de-acerto-e-de-25-informa-ministerio","status":"publish","type":"post","link":"https:\/\/www.caririemacao.com\/1\/2020\/04\/02\/teste-rapido-de-covid-19-chance-de-acerto-e-de-25-informa-ministerio\/","title":{"rendered":"Teste r\u00e1pido de Covid-19: chance de acerto \u00e9 de 25%, informa minist\u00e9rio"},"content":{"rendered":"\n<p>&nbsp;O minist\u00e9rio da Sa\u00fade apontou \u201climita\u00e7\u00f5es importantes\u201d nos testes r\u00e1pidos doados pela Vale que come\u00e7aram a ser distribu\u00eddos aos estados e destacou que, nas an\u00e1lises que apontam negativo para o Covid-19, a probabilidade que o resultado reflita a realidade \u00e9 de apenas 25%.<\/p>\n\n\n\n<p>As informa\u00e7\u00f5es constam em documento distribu\u00eddos a gestores estaduais e municipais, que manifestam preocupa\u00e7\u00f5es com a baixo \u00edndice de acerto dos testes que n\u00e3o detectam o novo coronav\u00edrus.<\/p>\n\n\n\n<p>Os testes r\u00e1pidos -que buscam anticorpos produzidos contra o v\u00edrus- s\u00e3o indicados apenas para profissionais que est\u00e3o na linha de frente do combate \u00e0 doen\u00e7a, como agentes de sa\u00fade e de seguran\u00e7a. A an\u00e1lise \u00e9 feita ap\u00f3s o s\u00e9timo dia de apresenta\u00e7\u00e3o de sintomas.<\/p>\n\n\n\n<p>A preocupa\u00e7\u00e3o dos gestores nos estados \u00e9 que o alto volume de falso negativos gera inseguran\u00e7a na hora de definir os profissionais que est\u00e3o aptos a trabalhar na emerg\u00eancia sanit\u00e1ria e os que precisam cumprir isolamento.<\/p>\n\n\n\n<p>As dificuldades foram reconhecidas pelo minist\u00e9rio, que promete enviar instru\u00e7\u00f5es com recomenda\u00e7\u00f5es para o melhor uso das an\u00e1lises.<\/p>\n\n\n\n<p>\u201cO material adquirido de empresa chinesa para doa\u00e7\u00e3o ao minist\u00e9rio da Sa\u00fade apresentam limita\u00e7\u00f5es importantes. A pasta est\u00e1 ajustando as instru\u00e7\u00f5es e elaborando uma nota informativa com recomenda\u00e7\u00f5es e orientando o uso do teste para garantir que o uso do mesmo pelos estados e munic\u00edpios seja coerente com o que o teste pode oferecer\u201d, afirmou a pasta em nota.<\/p>\n\n\n\n<p>O minist\u00e9rio come\u00e7ou a distribuir nesta quarta (1) um primeiro lote de 500 mil testes r\u00e1pidos, de um total de 5 milh\u00f5es adquiridos e doados pela mineradora.<\/p>\n\n\n\n<p>O valor preditivo positivo -que expressa a probabilidade de um paciente com o teste positivo de fato ter a doen\u00e7a- \u00e9 maior, de 86%.<\/p>\n\n\n\n<p>A baixa propor\u00e7\u00e3o de acertos nos resultados negativos para o Covid-19 \u00e9 explicada, segundo a infectologista Carolina L\u00e1zari, pela diverg\u00eancia entre a sensibilidade do produto apresentada pelo fabricante chin\u00eas e a certificada por uma rede de laborat\u00f3rios no Brasil.<\/p>\n\n\n\n<p>Enquanto o fabricante apontou sensibilidade de 86%, a an\u00e1lise laboratorial feita pela empresa brasileira indicou desempenho inferior, de 32%.<\/p>\n\n\n\n<p>Nesta quarta, o ministro Luiz Henrique Mandetta (Sa\u00fade) afirmou que esse tipo de an\u00e1lise \u201ctem um \u00edndice de sensibilidade que d\u00e1 falso negativo\u201d. \u201c[O resultado] n\u00e3o \u00e9 uma senten\u00e7a que [o paciente] \u00e9 negativo. J\u00e1 o RT[-PCR, um teste de biologia molecular] tem sensibilidade muito mais alta. Os testes r\u00e1pidos vamos usar muito para testar sequencial. Ah, mas s\u00f3 d\u00e1 30%, 40% de sensibilidade\u2026 Ok, se a gente faz em rodada, vamos aumentar a nossa percep\u00e7\u00e3o, e usamos isso como boa ferramenta de auscultar a nossa sociedade\u201d, declarou o titular da pasta, em coletiva no Pal\u00e1cio do Planalto.<\/p>\n\n\n\n<p>Lista \u201cO teste r\u00e1pido veio em parceria muito comemorada e conseguimos trazer. Agrade\u00e7o a Vale que tem doado. Vamos saber us\u00e1-los e tirar o m\u00e1ximo de informa\u00e7\u00e3o que [ele] podem nos dar\u201d, complementou.<\/p>\n\n\n\n<p>Em nota, o minist\u00e9rio da Sa\u00fade argumentou tamb\u00e9m que os testes r\u00e1pidos ser\u00e3o usados como uma ferramenta para o aux\u00edlio no diagn\u00f3stico da Covid-19. \u201cOs resultados negativos n\u00e3o excluem a infec\u00e7\u00e3o por SARS CoV 2\u201d, ressalta.<\/p>\n\n\n\n<p>A pasta argumenta ainda que an\u00e1lises feitas ap\u00f3s o s\u00e9timo dia do in\u00edcio dos sintomas podem \u201cmelhorar os par\u00e2metros para o resultado\u201d.<\/p>\n","protected":false},"excerpt":{"rendered":"<p>&nbsp;O minist\u00e9rio da Sa\u00fade apontou \u201climita\u00e7\u00f5es importantes\u201d nos testes r\u00e1pidos doados pela Vale que come\u00e7aram a ser distribu\u00eddos aos estados e destacou que, nas an\u00e1lises&hellip; <\/p>\n","protected":false},"author":2,"featured_media":161842,"comment_status":"closed","ping_status":"closed","sticky":false,"template":"","format":"standard","meta":{"sfsi_plus_gutenberg_text_before_share":"","sfsi_plus_gutenberg_show_text_before_share":"","sfsi_plus_gutenberg_icon_type":"","sfsi_plus_gutenberg_icon_alignemt":"","sfsi_plus_gutenburg_max_per_row":"","footnotes":""},"categories":[50,2],"tags":[],"class_list":["post-161841","post","type-post","status-publish","format-standard","has-post-thumbnail","hentry","category-destaque","category-geral"],"_links":{"self":[{"href":"https:\/\/www.caririemacao.com\/1\/wp-json\/wp\/v2\/posts\/161841","targetHints":{"allow":["GET"]}}],"collection":[{"href":"https:\/\/www.caririemacao.com\/1\/wp-json\/wp\/v2\/posts"}],"about":[{"href":"https:\/\/www.caririemacao.com\/1\/wp-json\/wp\/v2\/types\/post"}],"author":[{"embeddable":true,"href":"https:\/\/www.caririemacao.com\/1\/wp-json\/wp\/v2\/users\/2"}],"replies":[{"embeddable":true,"href":"https:\/\/www.caririemacao.com\/1\/wp-json\/wp\/v2\/comments?post=161841"}],"version-history":[{"count":1,"href":"https:\/\/www.caririemacao.com\/1\/wp-json\/wp\/v2\/posts\/161841\/revisions"}],"predecessor-version":[{"id":161843,"href":"https:\/\/www.caririemacao.com\/1\/wp-json\/wp\/v2\/posts\/161841\/revisions\/161843"}],"wp:featuredmedia":[{"embeddable":true,"href":"https:\/\/www.caririemacao.com\/1\/wp-json\/wp\/v2\/media\/161842"}],"wp:attachment":[{"href":"https:\/\/www.caririemacao.com\/1\/wp-json\/wp\/v2\/media?parent=161841"}],"wp:term":[{"taxonomy":"category","embeddable":true,"href":"https:\/\/www.caririemacao.com\/1\/wp-json\/wp\/v2\/categories?post=161841"},{"taxonomy":"post_tag","embeddable":true,"href":"https:\/\/www.caririemacao.com\/1\/wp-json\/wp\/v2\/tags?post=161841"}],"curies":[{"name":"wp","href":"https:\/\/api.w.org\/{rel}","templated":true}]}}