{"id":161845,"date":"2020-04-02T13:22:09","date_gmt":"2020-04-02T16:22:09","guid":{"rendered":"http:\/\/www.caririemacao.com\/1\/?p=161845"},"modified":"2020-04-02T13:22:11","modified_gmt":"2020-04-02T16:22:11","slug":"operacao-da-policia-federal-recaptura-preso-foragido-do-pb1-em-pernambuco","status":"publish","type":"post","link":"https:\/\/www.caririemacao.com\/1\/2020\/04\/02\/operacao-da-policia-federal-recaptura-preso-foragido-do-pb1-em-pernambuco\/","title":{"rendered":"Opera\u00e7\u00e3o da Pol\u00edcia Federal recaptura preso foragido do PB1 em Pernambuco"},"content":{"rendered":"\n<p>Uma opera\u00e7\u00e3o da Pol\u00edcia Federal da Para\u00edba,&nbsp;em conjunto com policiais federais de Pernambuco e da Pol\u00edcia Militar de Pernambuco recapturaram nesta quarta-feira (1\u00ba), um foragido do PB1, em Jo\u00e3o Pessoa. Jos\u00e9 Rafael Nunes da Silva,&nbsp;conhecido como Ur\u00eaia,&nbsp;estava foragido do Pres\u00eddio PB-01, desde a fuga em massa de presos havida na data de 10.09.2018.&nbsp;<\/p>\n\n\n\n<p>O foragido foi preso durante a Opera\u00e7\u00e3o Latere, atrav\u00e9s da&nbsp;Delegacia de Repress\u00e3o a Crimes Patrimoniais e ao Tr\u00e1fico de Armas (&nbsp;DELEPAT\/DRCOR\/SR\/PF\/PB),&nbsp;cujo objetivo \u00e9 mapear e acompanhar a movimenta\u00e7\u00e3o de criminosos de alta periculosidade.&nbsp;<\/p>\n\n\n\n<p>Jos\u00e9 Rafael foi&nbsp;&nbsp;abordado por Policiais Militares do Estado de Pernambuco na cidade de Paudalho\/PE, ap\u00f3s ter sua localiza\u00e7\u00e3o identificada pelos Policiais Federais.&nbsp;<\/p>\n\n\n\n<p>O foragido foi&nbsp;encaminhado ao Pres\u00eddio PB-01, na cidade de Jo\u00e3o Pessoa. Contra ele existem cinco mandados&nbsp;de Pris\u00e3o, por diversos crimes, entre eles, forma\u00e7\u00e3o de quadrilha, assalto \u00e0 m\u00e3o armada, homic\u00eddio, tr\u00e1fico de drogas e associa\u00e7\u00e3o para o tr\u00e1fico.&nbsp;<\/p>\n","protected":false},"excerpt":{"rendered":"<p>Uma opera\u00e7\u00e3o da Pol\u00edcia Federal da Para\u00edba,&nbsp;em conjunto com policiais federais de Pernambuco e da Pol\u00edcia Militar de Pernambuco recapturaram nesta quarta-feira (1\u00ba), um foragido&hellip; <\/p>\n","protected":false},"author":2,"featured_media":51851,"comment_status":"closed","ping_status":"closed","sticky":false,"template":"","format":"standard","meta":{"sfsi_plus_gutenberg_text_before_share":"","sfsi_plus_gutenberg_show_text_before_share":"","sfsi_plus_gutenberg_icon_type":"","sfsi_plus_gutenberg_icon_alignemt":"","sfsi_plus_gutenburg_max_per_row":"","footnotes":""},"categories":[12],"tags":[],"class_list":["post-161845","post","type-post","status-publish","format-standard","has-post-thumbnail","hentry","category-policia"],"_links":{"self":[{"href":"https:\/\/www.caririemacao.com\/1\/wp-json\/wp\/v2\/posts\/161845","targetHints":{"allow":["GET"]}}],"collection":[{"href":"https:\/\/www.caririemacao.com\/1\/wp-json\/wp\/v2\/posts"}],"about":[{"href":"https:\/\/www.caririemacao.com\/1\/wp-json\/wp\/v2\/types\/post"}],"author":[{"embeddable":true,"href":"https:\/\/www.caririemacao.com\/1\/wp-json\/wp\/v2\/users\/2"}],"replies":[{"embeddable":true,"href":"https:\/\/www.caririemacao.com\/1\/wp-json\/wp\/v2\/comments?post=161845"}],"version-history":[{"count":1,"href":"https:\/\/www.caririemacao.com\/1\/wp-json\/wp\/v2\/posts\/161845\/revisions"}],"predecessor-version":[{"id":161846,"href":"https:\/\/www.caririemacao.com\/1\/wp-json\/wp\/v2\/posts\/161845\/revisions\/161846"}],"wp:featuredmedia":[{"embeddable":true,"href":"https:\/\/www.caririemacao.com\/1\/wp-json\/wp\/v2\/media\/51851"}],"wp:attachment":[{"href":"https:\/\/www.caririemacao.com\/1\/wp-json\/wp\/v2\/media?parent=161845"}],"wp:term":[{"taxonomy":"category","embeddable":true,"href":"https:\/\/www.caririemacao.com\/1\/wp-json\/wp\/v2\/categories?post=161845"},{"taxonomy":"post_tag","embeddable":true,"href":"https:\/\/www.caririemacao.com\/1\/wp-json\/wp\/v2\/tags?post=161845"}],"curies":[{"name":"wp","href":"https:\/\/api.w.org\/{rel}","templated":true}]}}