{"id":161849,"date":"2020-04-02T13:23:38","date_gmt":"2020-04-02T16:23:38","guid":{"rendered":"http:\/\/www.caririemacao.com\/1\/?p=161849"},"modified":"2020-04-02T13:23:40","modified_gmt":"2020-04-02T16:23:40","slug":"84-das-empresas-paraibanas-serao-beneficiadas-por-postergacao-do-pagamento-do-icms","status":"publish","type":"post","link":"https:\/\/www.caririemacao.com\/1\/2020\/04\/02\/84-das-empresas-paraibanas-serao-beneficiadas-por-postergacao-do-pagamento-do-icms\/","title":{"rendered":"84% das empresas paraibanas ser\u00e3o beneficiadas por posterga\u00e7\u00e3o do pagamento do ICMS"},"content":{"rendered":"\n<p>A posterga\u00e7\u00e3o do pagamento do ICMS dos meses de abril, maio e junho das empresas optantes pelo Simples Nacional na Para\u00edba ir\u00e1 atingir um total de 180.364 neg\u00f3cios paraibanos, o que representa 84% do universo total de empresas do estado. A medida, segundo o superintendente do Sebrae, Walter Aguiar, ir\u00e1 afetar os grandes respons\u00e1veis pela movimenta\u00e7\u00e3o da economia.<\/p>\n\n\n\n<p>Segundo ele, com a posterga\u00e7\u00e3o do ICMS as empresas ter\u00e3o mais f\u00f4lego para passar por esse momento de crise mundial causada pela pandemia do coronav\u00edrus. &#8220;Aliada a uma gest\u00e3o financeira, os pequenos neg\u00f3cios, que s\u00e3o considerados o segmento mais atingido por essa crise, ter\u00e3o maior capacidade de passar por esse per\u00edodo. Lembrando que o Sebrae est\u00e1 cada vez mais lado a lado do empreendedor, com diversos cursos online e orienta\u00e7\u00f5es, para superarmos isso juntos&#8221;, afirmou o superintendente. O Sebrae Para\u00edba conta com alguns canais de atendimento remoto, como o call center atrav\u00e9s do n\u00famero 0800 570 0800, as redes sociais e o WhatsApp (83 99193-3372), al\u00e9m do site&nbsp;<a href=\"http:\/\/www.sebraepb.com.br\/\">www.sebraepb.com.br<\/a><\/p>\n\n\n\n<p>O ICMS pago pelos optantes do Simples Nacional ser\u00e1 adiado por um per\u00edodo de seis meses, gerando um impacto de R$ 75 milh\u00f5es nos cofres do estado, de acordo com o governador Jo\u00e3o Azev\u00eado, em an\u00fancio na manh\u00e3 desta quinta-feira (2). J\u00e1 o pagamento dos tributos federais do Simples Nacional j\u00e1 havia sido prorrogado, ficando os acertos referente aos meses de mar\u00e7o, abril e maio deste ano postergados para outubro, novembro e dezembro.<\/p>\n\n\n\n<p><strong>Simples Nacional<\/strong>&nbsp;&#8211; O Simples Nacional \u00e9 um regime compartilhado de arrecada\u00e7\u00e3o, cobran\u00e7a e fiscaliza\u00e7\u00e3o de tributos aplic\u00e1vel \u00e0s Microempresas e Empresas de Pequeno Porte, previsto na Lei Complementar n\u00ba 123, de 14 de dezembro de 2006.<\/p>\n\n\n\n<p>Para o ingresso no Simples Nacional \u00e9 necess\u00e1rio o cumprimento das seguintes condi\u00e7\u00f5es:<\/p>\n\n\n\n<p>&#8211; enquadrar-se na defini\u00e7\u00e3o de microempresa ou de empresa de pequeno porte;<br>&#8211; cumprir os requisitos previstos na legisla\u00e7\u00e3o; e<br>&#8211; formalizar a op\u00e7\u00e3o pelo Simples Nacional.<\/p>\n","protected":false},"excerpt":{"rendered":"<p>A posterga\u00e7\u00e3o do pagamento do ICMS dos meses de abril, maio e junho das empresas optantes pelo Simples Nacional na Para\u00edba ir\u00e1 atingir um total&hellip; <\/p>\n","protected":false},"author":2,"featured_media":10893,"comment_status":"closed","ping_status":"closed","sticky":false,"template":"","format":"standard","meta":{"sfsi_plus_gutenberg_text_before_share":"","sfsi_plus_gutenberg_show_text_before_share":"","sfsi_plus_gutenberg_icon_type":"","sfsi_plus_gutenberg_icon_alignemt":"","sfsi_plus_gutenburg_max_per_row":"","footnotes":""},"categories":[2],"tags":[],"class_list":["post-161849","post","type-post","status-publish","format-standard","has-post-thumbnail","hentry","category-geral"],"_links":{"self":[{"href":"https:\/\/www.caririemacao.com\/1\/wp-json\/wp\/v2\/posts\/161849","targetHints":{"allow":["GET"]}}],"collection":[{"href":"https:\/\/www.caririemacao.com\/1\/wp-json\/wp\/v2\/posts"}],"about":[{"href":"https:\/\/www.caririemacao.com\/1\/wp-json\/wp\/v2\/types\/post"}],"author":[{"embeddable":true,"href":"https:\/\/www.caririemacao.com\/1\/wp-json\/wp\/v2\/users\/2"}],"replies":[{"embeddable":true,"href":"https:\/\/www.caririemacao.com\/1\/wp-json\/wp\/v2\/comments?post=161849"}],"version-history":[{"count":1,"href":"https:\/\/www.caririemacao.com\/1\/wp-json\/wp\/v2\/posts\/161849\/revisions"}],"predecessor-version":[{"id":161850,"href":"https:\/\/www.caririemacao.com\/1\/wp-json\/wp\/v2\/posts\/161849\/revisions\/161850"}],"wp:featuredmedia":[{"embeddable":true,"href":"https:\/\/www.caririemacao.com\/1\/wp-json\/wp\/v2\/media\/10893"}],"wp:attachment":[{"href":"https:\/\/www.caririemacao.com\/1\/wp-json\/wp\/v2\/media?parent=161849"}],"wp:term":[{"taxonomy":"category","embeddable":true,"href":"https:\/\/www.caririemacao.com\/1\/wp-json\/wp\/v2\/categories?post=161849"},{"taxonomy":"post_tag","embeddable":true,"href":"https:\/\/www.caririemacao.com\/1\/wp-json\/wp\/v2\/tags?post=161849"}],"curies":[{"name":"wp","href":"https:\/\/api.w.org\/{rel}","templated":true}]}}