{"id":161857,"date":"2020-04-02T15:15:16","date_gmt":"2020-04-02T18:15:16","guid":{"rendered":"http:\/\/www.caririemacao.com\/1\/?p=161857"},"modified":"2020-04-02T15:15:18","modified_gmt":"2020-04-02T18:15:18","slug":"prefeita-anna-lorena-anuncia-filiacao-no-pl-para-disputar-a-reeleicao","status":"publish","type":"post","link":"https:\/\/www.caririemacao.com\/1\/2020\/04\/02\/prefeita-anna-lorena-anuncia-filiacao-no-pl-para-disputar-a-reeleicao\/","title":{"rendered":"Prefeita Anna Lorena anuncia filia\u00e7\u00e3o no PL para disputar a reelei\u00e7\u00e3o"},"content":{"rendered":"\n<p>A Prefeita de Monteiro, Anna Lorena, anunciou na tarde desta quinta-feira, 02, filia\u00e7\u00e3o ao Partido Liberal \u2013 PL, para disputar a reelei\u00e7\u00e3o nas elei\u00e7\u00f5es de outubro. O partido \u00e9 presidido na Para\u00edba pelo deputado federal Wellington Roberto, que j\u00e1 havia convidado a gestora para a sigla.<br>Anna Lorena, que presidir\u00e1 a legenda em Monteiro, afirmou que tomou a decis\u00e3o ap\u00f3s consultar o seu grupo pol\u00edtico, prezando sempre pelo di\u00e1logo, o que \u00e9 uma marca em sua gest\u00e3o.<br>\u201cA decis\u00e3o em grupo foi fundamental. O deputado Wellington Roberto tem sido um grande parceiro de nossa gest\u00e3o e de Monteiro, nos garantindo recursos para pavimenta\u00e7\u00e3o de ruas, constru\u00e7\u00e3o da rodovi\u00e1ria, constru\u00e7\u00e3o do Parque da cidade, constru\u00e7\u00e3o de a\u00e7ude no Macap\u00e1, constru\u00e7\u00e3o de Unidades de Sa\u00fade, e v\u00e1rias outras obras, al\u00e9m de meu pai, Dr. Chico, que foi um dos prefeitos e m\u00e9dicos mais popular de Monteiro, eleito em uma das elei\u00e7\u00f5es mais bonitas da hist\u00f3ria de nosso munic\u00edpio, tendo sido eleito pelo PL, a\u00ed \u00e9 que eu me sinto ainda mais em casa\u201d, disse a gestora.<br>Lorena ainda ressaltou que est\u00e1 mantendo conversa\u00e7\u00f5es com o Cidadania, partido do Governador Jo\u00e3o Azev\u00eado, e que v\u00e1rias lideran\u00e7as pol\u00edticas do seu grupo pol\u00edtico ir\u00e3o ingressar no Cidadania, que far\u00e1 parte da chapa majorit\u00e1ria.<br>O deputado federal Wellington Roberto, aproveitou a oportunidade para agradecer a prefeita Lorena a confian\u00e7a e disse que o PL o acolhe de bra\u00e7os abertos, e que sua chegada engrandece mais ainda o partido. O parlamentar, que \u00e9 l\u00edder do PL na C\u00e2mara, voltou a reafirmar seu compromisso com Monteiro, em sempre buscar melhorias e trabalhar pelo avan\u00e7o e progresso da cidade.<br><strong>VITRINE DO CARIRI<\/strong><\/p>\n","protected":false},"excerpt":{"rendered":"<p>A Prefeita de Monteiro, Anna Lorena, anunciou na tarde desta quinta-feira, 02, filia\u00e7\u00e3o ao Partido Liberal \u2013 PL, para disputar a reelei\u00e7\u00e3o nas elei\u00e7\u00f5es de&hellip; <\/p>\n","protected":false},"author":2,"featured_media":161858,"comment_status":"closed","ping_status":"closed","sticky":false,"template":"","format":"standard","meta":{"sfsi_plus_gutenberg_text_before_share":"","sfsi_plus_gutenberg_show_text_before_share":"","sfsi_plus_gutenberg_icon_type":"","sfsi_plus_gutenberg_icon_alignemt":"","sfsi_plus_gutenburg_max_per_row":"","footnotes":""},"categories":[2],"tags":[],"class_list":["post-161857","post","type-post","status-publish","format-standard","has-post-thumbnail","hentry","category-geral"],"_links":{"self":[{"href":"https:\/\/www.caririemacao.com\/1\/wp-json\/wp\/v2\/posts\/161857","targetHints":{"allow":["GET"]}}],"collection":[{"href":"https:\/\/www.caririemacao.com\/1\/wp-json\/wp\/v2\/posts"}],"about":[{"href":"https:\/\/www.caririemacao.com\/1\/wp-json\/wp\/v2\/types\/post"}],"author":[{"embeddable":true,"href":"https:\/\/www.caririemacao.com\/1\/wp-json\/wp\/v2\/users\/2"}],"replies":[{"embeddable":true,"href":"https:\/\/www.caririemacao.com\/1\/wp-json\/wp\/v2\/comments?post=161857"}],"version-history":[{"count":1,"href":"https:\/\/www.caririemacao.com\/1\/wp-json\/wp\/v2\/posts\/161857\/revisions"}],"predecessor-version":[{"id":161859,"href":"https:\/\/www.caririemacao.com\/1\/wp-json\/wp\/v2\/posts\/161857\/revisions\/161859"}],"wp:featuredmedia":[{"embeddable":true,"href":"https:\/\/www.caririemacao.com\/1\/wp-json\/wp\/v2\/media\/161858"}],"wp:attachment":[{"href":"https:\/\/www.caririemacao.com\/1\/wp-json\/wp\/v2\/media?parent=161857"}],"wp:term":[{"taxonomy":"category","embeddable":true,"href":"https:\/\/www.caririemacao.com\/1\/wp-json\/wp\/v2\/categories?post=161857"},{"taxonomy":"post_tag","embeddable":true,"href":"https:\/\/www.caririemacao.com\/1\/wp-json\/wp\/v2\/tags?post=161857"}],"curies":[{"name":"wp","href":"https:\/\/api.w.org\/{rel}","templated":true}]}}