{"id":161861,"date":"2020-04-02T15:18:17","date_gmt":"2020-04-02T18:18:17","guid":{"rendered":"http:\/\/www.caririemacao.com\/1\/?p=161861"},"modified":"2020-04-02T15:20:42","modified_gmt":"2020-04-02T18:20:42","slug":"tire-duvidas-quem-deve-usar-mascara-ministerio-amplia-indicacao-e-recomenda-ate-a-producao-caseira","status":"publish","type":"post","link":"https:\/\/www.caririemacao.com\/1\/2020\/04\/02\/tire-duvidas-quem-deve-usar-mascara-ministerio-amplia-indicacao-e-recomenda-ate-a-producao-caseira\/","title":{"rendered":"Tire d\u00favidas: quem deve usar m\u00e1scara? Minist\u00e9rio amplia indica\u00e7\u00e3o e recomenda at\u00e9 a produ\u00e7\u00e3o caseira"},"content":{"rendered":"\n<p>\u00a0O  da Sa\u00fade, Luiz Henrique Mandetta, disse na quarta-feira (1\u00ba) que m\u00e1scaras de prote\u00e7\u00e3o podem servir como barreira eficiente para a popula\u00e7\u00e3o em geral contra o coronav\u00edrus. A sugest\u00e3o de Mandetta tem como foco o uso de m\u00e1scaras alternativas, preservando as cir\u00fargicas e as N95 para os profissionais de sa\u00fade.<\/p>\n\n\n\n<p>O G1 ouviu especialistas e consultou \u00f3rg\u00e3os como Anvisa e OMS para montar um tira d\u00favidas, incluindo os pontos positivos e negativos do uso das m\u00e1scaras pela popula\u00e7\u00e3o em geral.<\/p>\n\n\n\n<ol class=\"wp-block-list\"><li>Por que antes as m\u00e1scaras n\u00e3o eram recomendadas para a popula\u00e7\u00e3o em geral?<\/li><li>O que afirmam os que s\u00e3o a favor do uso geral das m\u00e1scaras descart\u00e1veis?<\/li><li>Por que especialistas afirmam que a m\u00e1scara pode ser vetor de contamina\u00e7\u00e3o?<\/li><li>N\u00e3o tenho Covid-19. A m\u00e1scara pode me proteger?<\/li><li>Como devo usar a m\u00e1scara?<\/li><li>A m\u00e1scara \u00e9 descart\u00e1vel? De quanto em quanto tempo devo trocar?<\/li><li>As m\u00e1scaras caseiras podem ser usadas?<\/li><li>Quais os cuidados de higiene com as m\u00e1scaras caseiras?<\/li><li>Como devo descartar a m\u00e1scara usada?<\/li><li>Como outros pa\u00edses usam as m\u00e1scaras?<\/li><li>O que diz a Anvisa sobre o uso de m\u00e1scaras descart\u00e1veis?<\/li><li>O que diz a OMS sobre o uso de m\u00e1scaras descart\u00e1veis?<\/li><\/ol>\n\n\n\n<p><strong>Por que antes as m\u00e1scaras n\u00e3o eram recomendadas para a popula\u00e7\u00e3o em geral?&nbsp;<\/strong><\/p>\n\n\n\n<p>Seguindo orienta\u00e7\u00f5es da OMS, o Minist\u00e9rio da Sa\u00fade e a maioria dos especialistas apontavam o risco de um uso irregular das m\u00e1scaras pela popula\u00e7\u00e3o em geral. N\u00e3o utilizada da maneira correta, a m\u00e1scara pode ficar contaminada e expor as pessoas ao coronav\u00edrus.<\/p>\n\n\n\n<p>Outra preocupa\u00e7\u00e3o da pasta era quanto \u00e0 falta do produto no mercado, j\u00e1 que in\u00fameros profissionais da sa\u00fade denunciavam que n\u00e3o estavam tendo acesso \u00e0s m\u00e1scaras e outros itens de seguran\u00e7a individual. A dificuldade na importa\u00e7\u00e3o dos produtos da China \u00e9 um ponto de aten\u00e7\u00e3o.<\/p>\n\n\n\n<p><strong>O que afirmam os que s\u00e3o a favor do uso geral das m\u00e1scaras descart\u00e1veis?<\/strong>&nbsp; &nbsp; &nbsp; &nbsp;<\/p>\n\n\n\n<p>As m\u00e1scaras descart\u00e1veis foram recomendadas para uso geral em outras epidemias na \u00c1sia, como a de H1N1, depois que estudos mostraram que o item, quando associado com lavar as m\u00e3os e evitar aglomera\u00e7\u00f5es, diminu\u00eda as transmiss\u00f5es de gripe.<\/p>\n\n\n\n<p>Isso porque, mesmo que seja uma barreira de baixa prote\u00e7\u00e3o, ainda \u00e9 uma barreira, se usada da maneira correta e junto das demais medidas de prote\u00e7\u00e3o. Al\u00e9m disso, no caso do coronav\u00edrus, como muitas pessoas infectadas n\u00e3o apresentam sintomas e n\u00e3o sabem que est\u00e3o com a Covid-19, a m\u00e1scara para uso geral pode ajudar a conter a transmiss\u00e3o causada pelas pessoas que n\u00e3o t\u00eam sintomas.<\/p>\n\n\n\n<p><strong>Por que a m\u00e1scara cir\u00fargica pode ser vetor de contamina\u00e7\u00e3o?<\/strong>&nbsp; &nbsp; &nbsp; &nbsp;<\/p>\n\n\n\n<p>Um dos motivos pelos quais a m\u00e1scara pode ser vetor de contamina\u00e7\u00e3o \u00e9 o uso inadequado dela. \u201cAs pessoas podem se sentir incomodadas porque n\u00e3o est\u00e3o acostumadas ao uso, levando as m\u00e3os ao rosto com maior frequ\u00eancia e de forma errada\u201d, diz o especialista do Servi\u00e7o de Alergia\/Imunologia da Santa Casa do Rio de Janeiro, Thiago Luiz Bandeira.<br><\/p>\n\n\n\n<p>Segundo o alergista Marcello Bossois, a m\u00e1scara tamb\u00e9m pode desmobilizar as pessoas em rela\u00e7\u00e3o \u00e0 higieniza\u00e7\u00e3o peri\u00f3dica das m\u00e3os por uma \u201cfalsa sensa\u00e7\u00e3o de maior prote\u00e7\u00e3o durante o uso\u201d.<\/p>\n\n\n\n<p><strong>N\u00e3o tenho Covid-19. A m\u00e1scara cir\u00fargica pode me proteger?<\/strong>&nbsp; &nbsp; &nbsp; &nbsp; &nbsp; &nbsp;&nbsp;<\/p>\n\n\n\n<p>De forma limitada, mas pode. Isso porque o coronav\u00edrus \u00e9 transmitido atrav\u00e9s de got\u00edculas eliminadas por meio da tosse, espirro ou pela fala. Apesar de n\u00e3o filtrarem o ar, a m\u00e1scara descart\u00e1vel pode servir de barreira para impedir que essas got\u00edculas entrem em contato com as mucosas da boca e do nariz.<\/p>\n\n\n\n<p>\u201cA m\u00e1scara tamb\u00e9m ajuda a evitar que a pessoa encoste a m\u00e3o no rosto\u201d, diz o epidemiologista Andr\u00e9 Ricardo Ribas Freitas, professor da Faculdade S\u00e3o Leopoldo Mandic.<\/p>\n\n\n\n<p><strong>Como devo usar a m\u00e1scara?<\/strong>&nbsp; &nbsp; &nbsp; &nbsp; &nbsp; &nbsp; &nbsp; &nbsp;<\/p>\n\n\n\n<p>Independentemente de quem fizer uso do acess\u00f3rio, tendo ou n\u00e3o sintomas, a Anvisa alerta que \u00e9 fundamental higienizar as m\u00e3os com \u00e1gua e sabonete ou \u00e1lcool 70% antes e ap\u00f3s usar a m\u00e1scara.<\/p>\n\n\n\n<ul class=\"wp-block-list\"><li>Com as m\u00e3os lavadas, \u00e9 preciso colocar a m\u00e1scara sobre o rosto de modo que cubra tanto queixo quanto nariz;<\/li><li>A m\u00e1scara n\u00e3o pode ficar frouxa no rosto. Para isso, uso o acess\u00f3rio de metal na parte superior da m\u00e1scara para aderi-la ao nariz para evitar entrada e sa\u00edda de ar.<\/li><li>Durante uso, n\u00e3o se deve tocar na m\u00e1scara. Por isso, n\u00e3o \u00e9 recomendado que se tire e coloque a m\u00e1scara e nem que ela seja removida durante a fala.<\/li><li>Quando for retirar a m\u00e1scara, a pessoa n\u00e3o deve encostar a m\u00e3o no tecido, apenas nas al\u00e7as laterais que ficam acopladas \u00e0 orelha.<\/li><\/ul>\n\n\n\n<figure class=\"wp-block-image\"><img decoding=\"async\" data-src=\"https:\/\/www.clickpb.com.br\/media\/filer_public\/0d\/4c\/0d4c8105-7fee-4453-990b-c9797344c7d0\/mascara.jpg\" alt=\"\" src=\"data:image\/svg+xml;base64,PHN2ZyB3aWR0aD0iMSIgaGVpZ2h0PSIxIiB4bWxucz0iaHR0cDovL3d3dy53My5vcmcvMjAwMC9zdmciPjwvc3ZnPg==\" class=\"lazyload\" \/><\/figure>\n\n\n\n<p><strong>De quanto em quanto tempo devo trocar a m\u00e1scara?&nbsp; &nbsp;<\/strong>&nbsp;&nbsp; &nbsp; &nbsp; &nbsp; &nbsp;&nbsp;<br><\/p>\n\n\n\n<p>Todas as m\u00e1scaras de uso caseiro, sejam as descart\u00e1veis ou de tecido, precisam ser substitu\u00eddas assim que ficarem \u00famidas. \u201cQuando a m\u00e1scara fica \u00famida, perde a capacidade filtrante e precisa ser trocada\u201d, diz Freitas. \u201cPor isso, se a pessoa passa uma boa parte do tempo fora de casa, \u00e9 ideal ter 4 m\u00e1scaras para fazer a troca\u201d, diz Freitas.<\/p>\n\n\n\n<p>Quanto \u00e0s m\u00e1scaras cir\u00fargicas, segundo Bandeira, o tempo m\u00e9dio de efic\u00e1cia \u00e9 de duas horas, devendo ser descartada ap\u00f3s esse per\u00edodo. Apesar disso, a recomenda\u00e7\u00e3o \u00e9 para que esses itens sejam deixados de prefer\u00eancia para uso dos profissionais de sa\u00fade, j\u00e1 que elas est\u00e3o em falta no mercado.<\/p>\n\n\n\n<p><strong>As m\u00e1scaras caseiras s\u00e3o seguras?<\/strong>&nbsp; &nbsp; &nbsp; &nbsp; &nbsp;<\/p>\n\n\n\n<p>Segundo Freitas, as m\u00e1scaras caseiras impedem a entrada e sa\u00edda de got\u00edculas desde que sejam feitas com um tecido filtrante, como o TNT, e em tr\u00eas camadas: externa, intermedi\u00e1ria filtrante e interna. Elas tamb\u00e9m devem ter o suporte de ferro na parte superior onde encosta no nariz, para garantir que a m\u00e1scara fique bem presa ao rosto.<\/p>\n\n\n\n<p>\u201cOs melhores materiais s\u00e3o os filtrantes. Se n\u00e3o tiverem, podem ser tecidos a base de algod\u00e3o, que tamb\u00e9m tem capacidade filtrante\u201d, explica.<\/p>\n\n\n\n<p><strong>Uso de m\u00e1scaras pode conter dissemina\u00e7\u00e3o de doen\u00e7as?<\/strong>&nbsp; &nbsp; &nbsp; &nbsp; &nbsp; &nbsp; &nbsp;<\/p>\n\n\n\n<p>Segundo Bandeira, as m\u00e1scaras feitas com apenas uma camada de tecido n\u00e3o devem ser utilizadas. Al\u00e9m disso, elas precisam ser lavadas assim que ficarem \u00famidas durante o uso (veja abaixo como higienizar a m\u00e1scara caseira).<\/p>\n\n\n\n<p><strong>Como devo descartar a m\u00e1scara usada?&nbsp;<\/strong>&nbsp;&nbsp; &nbsp; &nbsp; &nbsp; &nbsp;&nbsp;<\/p>\n\n\n\n<p>Ao ser retirada, a m\u00e1scara precisa ser imediatamente colocada em um saco pl\u00e1stico hermeticamente fechado ou bem amarrado antes de ser descartada no lixo comum. Al\u00e9m disso, a pessoa deve lavar as m\u00e3os com \u00e1gua e sabonete ap\u00f3s tocar na m\u00e1scara usada.<\/p>\n\n\n\n<p><strong>Quais os cuidados de higiene com as m\u00e1scaras caseiras de tecido?&nbsp;<\/strong>&nbsp;&nbsp; &nbsp; &nbsp; &nbsp;&nbsp;<\/p>\n\n\n\n<p>As m\u00e1scaras de tecido precisam ser lavadas com \u00e1gua e sab\u00e3o toda a vez que forem usadas e, depois de secarem, devem ser passadas com ferro quente.<\/p>\n\n\n\n<p><strong>O que diz a Anvisa sobre o uso de m\u00e1scaras cir\u00fargicas?<\/strong>&nbsp; &nbsp; &nbsp; &nbsp; &nbsp; &nbsp; &nbsp;<\/p>\n\n\n\n<p>A Anvisa orienta que as m\u00e1scaras devem ser de TNT e seu uso deve ter prioridade para profissionais da sa\u00fade e pessoas sintom\u00e1ticas.<\/p>\n\n\n\n<p>\u201cUsar m\u00e1scaras quando n\u00e3o indicado pode gerar custos desnecess\u00e1rios e criar uma falsa sensa\u00e7\u00e3o de seguran\u00e7a que pode levar a negligenciar outras medidas como a pr\u00e1tica de higiene das m\u00e3os\u201d, diz um documento da entidade.<\/p>\n\n\n\n<p>Para os casos sintom\u00e1ticos, o mesmo documento afirma que \u201cusar uma m\u00e1scara \u00e9 uma das medidas de preven\u00e7\u00e3o para limitar a propaga\u00e7\u00e3o de doen\u00e7as respirat\u00f3rias, incluindo o novo coronav\u00edrus.\u201d<\/p>\n\n\n\n<p><strong>O que diz a OMS sobre o uso de m\u00e1scaras?<\/strong>&nbsp; &nbsp; &nbsp; &nbsp; &nbsp; &nbsp; &nbsp; &nbsp;<\/p>\n\n\n\n<p>A OMS orienta que as m\u00e1scaras sejam usadas apenas por profissionais da sa\u00fade e por pessoas sintom\u00e1ticas. A entidade alerta para o perigo de contamina\u00e7\u00e3o nos casos em que as m\u00e1scaras n\u00e3o s\u00e3o utilizadas e descartadas de maneira segura pela popula\u00e7\u00e3o assintom\u00e1tica e afirma que o item oferece baixa prote\u00e7\u00e3o contra o coronav\u00edrus.<\/p>\n\n\n\n<p>No caso dos profissionais da sa\u00fade, a organiza\u00e7\u00e3o refor\u00e7a que a m\u00e1scara \u00e9 eficaz porque \u00e9 utilizada com outros itens de seguran\u00e7a individual, como \u00f3culos, luvas e capote.<\/p>\n\n\n\n<p>Al\u00e9m disso, igual a Anvisa, a OMS teme que o uso indiscriminado possa levar \u00e0 falta das m\u00e1scaras para quem realmente necessita utiliz\u00e1-las.<\/p>\n\n\n\n<p><strong>Como outros pa\u00edses usam as m\u00e1scaras?<\/strong>&nbsp; &nbsp; &nbsp; &nbsp; &nbsp; &nbsp; &nbsp;<\/p>\n\n\n\n<p>O diretor-geral do Centro Chin\u00eas de Controle e Preven\u00e7\u00e3o de Doen\u00e7as, George Gao, disse na sexta-feira (27) que n\u00e3o usar m\u00e1scaras \u00e9 o grande erro dos EUA e da Europa no combate \u00e0 Covid-19.<\/p>\n\n\n\n<p>&#8220;O grande erro nos EUA e na Europa, na minha opini\u00e3o, \u00e9 que as pessoas n\u00e3o est\u00e3o usando m\u00e1scaras. Este v\u00edrus \u00e9 transmitido por got\u00edculas e contato pr\u00f3ximo. Got\u00edculas desempenham um papel muito importante &#8211; voc\u00ea precisa usar uma m\u00e1scara, porque quando voc\u00ea fala, sempre h\u00e1 got\u00edculas saindo da sua boca. Muitas pessoas t\u00eam infec\u00e7\u00f5es assintom\u00e1ticas ou pr\u00e9-sintom\u00e1ticas. Se eles est\u00e3o usando m\u00e1scaras, isso pode impedir que got\u00edculas que levam o v\u00edrus escapem e infectem outras pessoas&#8221;, disse Gao em entrevista \u00e0 Science.<\/p>\n\n\n\n<p>Na ter\u00e7a (31) o jornal Washington Post informou que funcion\u00e1rios do Centro de Controle e Preven\u00e7\u00e3o a Doen\u00e7as (CDC) dos Estados Unidos est\u00e3o considerando alterar orienta\u00e7\u00f5es oficiais sobre o uso de m\u00e1scaras simples para todas as pessoas, inclusive as que n\u00e3o manifestaram sintomas da Covid-19.<\/p>\n\n\n\n<p>No entanto, o CDC n\u00e3o divulgou nenhuma nota oficial sobre o assunto, e as recomenda\u00e7\u00f5es nos EUA sobre o uso de m\u00e1scaras se mant\u00eam somente para profissionais de sa\u00fade e pessoas que apresentam sintomas. Especialistas ouvidos pelo jornal informam que o uso de m\u00e1scaras simples, at\u00e9 mesmo feitas de pano, podem ajudam a achatar a curva de transmiss\u00e3o e diminuir o n\u00famero de casos.<\/p>\n\n\n\n<p>Na \u00c1ustria, o governo passou a exigir que funcion\u00e1rios e consumidores passem a utilizar m\u00e1scaras cir\u00fargicas obrigatoriamente em supermercados, como uma tentativa de diminuir a dissemina\u00e7\u00e3o da Covid-19. O chanceler do pa\u00eds informou \u00e0 Reuters que as m\u00e1scaras ser\u00e3o entregues \u00e0s pessoas na entrada dos supermercados.<\/p>\n","protected":false},"excerpt":{"rendered":"<p>\u00a0O da Sa\u00fade, Luiz Henrique Mandetta, disse na quarta-feira (1\u00ba) que m\u00e1scaras de prote\u00e7\u00e3o podem servir como barreira eficiente para a popula\u00e7\u00e3o em geral contra&hellip; <\/p>\n","protected":false},"author":2,"featured_media":161862,"comment_status":"closed","ping_status":"closed","sticky":false,"template":"","format":"standard","meta":{"sfsi_plus_gutenberg_text_before_share":"","sfsi_plus_gutenberg_show_text_before_share":"","sfsi_plus_gutenberg_icon_type":"","sfsi_plus_gutenberg_icon_alignemt":"","sfsi_plus_gutenburg_max_per_row":"","footnotes":""},"categories":[50,16],"tags":[],"class_list":["post-161861","post","type-post","status-publish","format-standard","has-post-thumbnail","hentry","category-destaque","category-saude"],"_links":{"self":[{"href":"https:\/\/www.caririemacao.com\/1\/wp-json\/wp\/v2\/posts\/161861","targetHints":{"allow":["GET"]}}],"collection":[{"href":"https:\/\/www.caririemacao.com\/1\/wp-json\/wp\/v2\/posts"}],"about":[{"href":"https:\/\/www.caririemacao.com\/1\/wp-json\/wp\/v2\/types\/post"}],"author":[{"embeddable":true,"href":"https:\/\/www.caririemacao.com\/1\/wp-json\/wp\/v2\/users\/2"}],"replies":[{"embeddable":true,"href":"https:\/\/www.caririemacao.com\/1\/wp-json\/wp\/v2\/comments?post=161861"}],"version-history":[{"count":2,"href":"https:\/\/www.caririemacao.com\/1\/wp-json\/wp\/v2\/posts\/161861\/revisions"}],"predecessor-version":[{"id":161865,"href":"https:\/\/www.caririemacao.com\/1\/wp-json\/wp\/v2\/posts\/161861\/revisions\/161865"}],"wp:featuredmedia":[{"embeddable":true,"href":"https:\/\/www.caririemacao.com\/1\/wp-json\/wp\/v2\/media\/161862"}],"wp:attachment":[{"href":"https:\/\/www.caririemacao.com\/1\/wp-json\/wp\/v2\/media?parent=161861"}],"wp:term":[{"taxonomy":"category","embeddable":true,"href":"https:\/\/www.caririemacao.com\/1\/wp-json\/wp\/v2\/categories?post=161861"},{"taxonomy":"post_tag","embeddable":true,"href":"https:\/\/www.caririemacao.com\/1\/wp-json\/wp\/v2\/tags?post=161861"}],"curies":[{"name":"wp","href":"https:\/\/api.w.org\/{rel}","templated":true}]}}