{"id":161875,"date":"2020-04-02T15:31:33","date_gmt":"2020-04-02T18:31:33","guid":{"rendered":"http:\/\/www.caririemacao.com\/1\/?p=161875"},"modified":"2020-04-02T15:31:34","modified_gmt":"2020-04-02T18:31:34","slug":"energisa-garante-nao-cortar-energia-em-90-dias","status":"publish","type":"post","link":"https:\/\/www.caririemacao.com\/1\/2020\/04\/02\/energisa-garante-nao-cortar-energia-em-90-dias\/","title":{"rendered":"Energisa garante n\u00e3o cortar energia em 90 dias"},"content":{"rendered":"\n<p> A Energisa Para\u00edba afirmou, nesta quinta-feira (2), que n\u00e3o cortar\u00e1\u00a0 energia de consumidores residenciais e de servi\u00e7os essenciais nos pr\u00f3ximos de 90 dias conforme resolu\u00e7\u00e3o da ANEEL.<\/p>\n\n\n\n<p>Entretanto, em nota, a empresa pede para que clientes com atraso antes da resolu\u00e7\u00e3o negocie suas d\u00edvidas com a empresa.<\/p>\n\n\n\n<p>Para estes casos, a Energisa assegura que est\u00e1 oferecendo condi\u00e7\u00f5es especiais de parcelamento e negocia\u00e7\u00e3o de d\u00e9bitos.<br>A Energisa Para\u00edba informa que n\u00e3o comenta decis\u00f5es judiciais em curso.<\/p>\n\n\n\n<p><strong>Veja&nbsp;<\/strong><\/p>\n\n\n\n<p><em>A empresa est\u00e1 cumprindo todas as obriga\u00e7\u00f5es estipuladas pela Resolu\u00e7\u00e3o da ANEEL, inclusive a de n\u00e3o realizar cortes em consumidores residenciais e de servi\u00e7os essenciais durante os pr\u00f3ximos 90 dias.<\/em><\/p>\n\n\n\n<p><em>\u00c9 importante esclarecer que os clientes j\u00e1 cortados s\u00e3o aqueles com contas vencidas h\u00e1, no m\u00ednimo, 45 dias, ou seja, bem antes do in\u00edcio da crise. A decis\u00e3o da Aneel \u00e9 pela suspens\u00e3o de novos cortes no per\u00edodo de vig\u00eancia da Resolu\u00e7\u00e3o.<\/em><\/p>\n\n\n\n<p><em>Clientes j\u00e1 suspensos ter\u00e3o a religa\u00e7\u00e3o priorizada. Para isso, devem regularizar os d\u00e9bitos pelo 0800 083 0196, site, aplicativo Energisa ON ou pelo WhatsApp 83 99135 5540 Para estes casos, a Energisa est\u00e1 oferecendo condi\u00e7\u00f5es especiais de parcelamento e negocia\u00e7\u00e3o de d\u00e9bitos.<\/em><\/p>\n\n\n\n<p><em>A Resolu\u00e7\u00e3o da ANEEL assegura que o faturamento deve continuar normalmente. O texto esclarece que a suspens\u00e3o do corte n\u00e3o isenta os consumidores do pagamento, mas sim de garantir a continuidade do fornecimento de energia el\u00e9trica neste momento de calamidade p\u00fablica aos que n\u00e3o tiverem condi\u00e7\u00f5es de se manter adimplentes.<\/em><\/p>\n\n\n\n<p><strong>MaisPB<\/strong><\/p>\n\n\n\n<p><br><\/p>\n\n\n\n<p><\/p>\n","protected":false},"excerpt":{"rendered":"<p>A Energisa Para\u00edba afirmou, nesta quinta-feira (2), que n\u00e3o cortar\u00e1\u00a0 energia de consumidores residenciais e de servi\u00e7os essenciais nos pr\u00f3ximos de 90 dias conforme resolu\u00e7\u00e3o&hellip; <\/p>\n","protected":false},"author":2,"featured_media":161876,"comment_status":"closed","ping_status":"closed","sticky":false,"template":"","format":"standard","meta":{"sfsi_plus_gutenberg_text_before_share":"","sfsi_plus_gutenberg_show_text_before_share":"","sfsi_plus_gutenberg_icon_type":"","sfsi_plus_gutenberg_icon_alignemt":"","sfsi_plus_gutenburg_max_per_row":"","footnotes":""},"categories":[2],"tags":[],"class_list":["post-161875","post","type-post","status-publish","format-standard","has-post-thumbnail","hentry","category-geral"],"_links":{"self":[{"href":"https:\/\/www.caririemacao.com\/1\/wp-json\/wp\/v2\/posts\/161875","targetHints":{"allow":["GET"]}}],"collection":[{"href":"https:\/\/www.caririemacao.com\/1\/wp-json\/wp\/v2\/posts"}],"about":[{"href":"https:\/\/www.caririemacao.com\/1\/wp-json\/wp\/v2\/types\/post"}],"author":[{"embeddable":true,"href":"https:\/\/www.caririemacao.com\/1\/wp-json\/wp\/v2\/users\/2"}],"replies":[{"embeddable":true,"href":"https:\/\/www.caririemacao.com\/1\/wp-json\/wp\/v2\/comments?post=161875"}],"version-history":[{"count":1,"href":"https:\/\/www.caririemacao.com\/1\/wp-json\/wp\/v2\/posts\/161875\/revisions"}],"predecessor-version":[{"id":161877,"href":"https:\/\/www.caririemacao.com\/1\/wp-json\/wp\/v2\/posts\/161875\/revisions\/161877"}],"wp:featuredmedia":[{"embeddable":true,"href":"https:\/\/www.caririemacao.com\/1\/wp-json\/wp\/v2\/media\/161876"}],"wp:attachment":[{"href":"https:\/\/www.caririemacao.com\/1\/wp-json\/wp\/v2\/media?parent=161875"}],"wp:term":[{"taxonomy":"category","embeddable":true,"href":"https:\/\/www.caririemacao.com\/1\/wp-json\/wp\/v2\/categories?post=161875"},{"taxonomy":"post_tag","embeddable":true,"href":"https:\/\/www.caririemacao.com\/1\/wp-json\/wp\/v2\/tags?post=161875"}],"curies":[{"name":"wp","href":"https:\/\/api.w.org\/{rel}","templated":true}]}}