{"id":161885,"date":"2020-04-03T06:35:39","date_gmt":"2020-04-03T09:35:39","guid":{"rendered":"http:\/\/www.caririemacao.com\/1\/?p=161885"},"modified":"2020-04-03T06:35:41","modified_gmt":"2020-04-03T09:35:41","slug":"bolsonaro-governadores-tem-medinho-da-covid-19","status":"publish","type":"post","link":"https:\/\/www.caririemacao.com\/1\/2020\/04\/03\/bolsonaro-governadores-tem-medinho-da-covid-19\/","title":{"rendered":"Bolsonaro: governadores t\u00eam \u2018medinho\u2019 da covid-19"},"content":{"rendered":"\n<p>O presidente da Rep\u00fablica, Jair Bolsonaro (sem partido), voltou a provocar os governadores que recomendaram isolamento em seus estados em raz\u00e3o da pandemia do novo coronav\u00edrus.<\/p>\n\n\n\n<p>Em conversa com pastores nesta quinta-feira (02\/04), em frente ao Pal\u00e1cio da Alvorada, Bolsonaro atribuiu a medida ao \u201cmedinho de pegar o v\u00edrus\u201d dos gestores.<\/p>\n\n\n\n<p>\u201cEu fui em Ceil\u00e2ndia e Taguatinga no fim de semana passado e fui massacrado pela m\u00eddia. Duvido que um governador desses, Doria [Jo\u00e3o, de SP], Mois\u00e9s [Carlos, de SC], v\u00e1 no meio do povo. Vai nada. \u2018T\u00e1\u2019 com medinho de pegar v\u00edrus?\u201d, desafiou o presidente.<\/p>\n\n\n\n<p><strong>MaisPB<\/strong><br><\/p>\n","protected":false},"excerpt":{"rendered":"<p>O presidente da Rep\u00fablica, Jair Bolsonaro (sem partido), voltou a provocar os governadores que recomendaram isolamento em seus estados em raz\u00e3o da pandemia do novo&hellip; <\/p>\n","protected":false},"author":2,"featured_media":161886,"comment_status":"closed","ping_status":"closed","sticky":false,"template":"","format":"standard","meta":{"sfsi_plus_gutenberg_text_before_share":"","sfsi_plus_gutenberg_show_text_before_share":"","sfsi_plus_gutenberg_icon_type":"","sfsi_plus_gutenberg_icon_alignemt":"","sfsi_plus_gutenburg_max_per_row":"","footnotes":""},"categories":[11],"tags":[],"class_list":["post-161885","post","type-post","status-publish","format-standard","has-post-thumbnail","hentry","category-politica"],"_links":{"self":[{"href":"https:\/\/www.caririemacao.com\/1\/wp-json\/wp\/v2\/posts\/161885","targetHints":{"allow":["GET"]}}],"collection":[{"href":"https:\/\/www.caririemacao.com\/1\/wp-json\/wp\/v2\/posts"}],"about":[{"href":"https:\/\/www.caririemacao.com\/1\/wp-json\/wp\/v2\/types\/post"}],"author":[{"embeddable":true,"href":"https:\/\/www.caririemacao.com\/1\/wp-json\/wp\/v2\/users\/2"}],"replies":[{"embeddable":true,"href":"https:\/\/www.caririemacao.com\/1\/wp-json\/wp\/v2\/comments?post=161885"}],"version-history":[{"count":1,"href":"https:\/\/www.caririemacao.com\/1\/wp-json\/wp\/v2\/posts\/161885\/revisions"}],"predecessor-version":[{"id":161887,"href":"https:\/\/www.caririemacao.com\/1\/wp-json\/wp\/v2\/posts\/161885\/revisions\/161887"}],"wp:featuredmedia":[{"embeddable":true,"href":"https:\/\/www.caririemacao.com\/1\/wp-json\/wp\/v2\/media\/161886"}],"wp:attachment":[{"href":"https:\/\/www.caririemacao.com\/1\/wp-json\/wp\/v2\/media?parent=161885"}],"wp:term":[{"taxonomy":"category","embeddable":true,"href":"https:\/\/www.caririemacao.com\/1\/wp-json\/wp\/v2\/categories?post=161885"},{"taxonomy":"post_tag","embeddable":true,"href":"https:\/\/www.caririemacao.com\/1\/wp-json\/wp\/v2\/tags?post=161885"}],"curies":[{"name":"wp","href":"https:\/\/api.w.org\/{rel}","templated":true}]}}