{"id":161893,"date":"2020-04-03T06:37:17","date_gmt":"2020-04-03T09:37:17","guid":{"rendered":"http:\/\/www.caririemacao.com\/1\/?p=161893"},"modified":"2020-04-03T06:37:19","modified_gmt":"2020-04-03T09:37:19","slug":"oms-pede-que-filhos-e-netos-liguem-sempre-para-pais-e-avos-confinados","status":"publish","type":"post","link":"https:\/\/www.caririemacao.com\/1\/2020\/04\/03\/oms-pede-que-filhos-e-netos-liguem-sempre-para-pais-e-avos-confinados\/","title":{"rendered":"OMS pede que filhos e netos liguem sempre para pais e av\u00f3s confinados"},"content":{"rendered":"\n<p>As medidas de confinamento para interromper a transmiss\u00e3o do coronav\u00edrus est\u00e3o deixando consequ\u00eancias, principalmente entre os mais vulner\u00e1veis, idosos e doentes. Por isso, nesta quinta-feira (2), a Organiza\u00e7\u00e3o Mundial da Sa\u00fade (OMS) pediu a familiares e amigos que liguem para essas pessoas pelo menos uma vez por dia para que elas n\u00e3o se sintam abandonadas.<\/p>\n\n\n\n<p>&#8220;Quero passar uma mensagem para os mais jovens, manter os av\u00f3s em seguran\u00e7a significa que eles n\u00e3o podem visit\u00e1-los pessoalmente, mas ligar para eles, conversar com eles todos os dias para que n\u00e3o se sintam sozinhos. Dist\u00e2ncia f\u00edsica n\u00e3o significa isolamento social&#8221;, disse o chefe do escrit\u00f3rio da OMS na Europa, Hans Klunge.<\/p>\n\n\n\n<p>O m\u00e9dico, respons\u00e1vel pela OMS em mais de cinquenta pa\u00edses \u2014 que v\u00e3o da Europa Ocidental \u00e0 Eur\u00e1sia, R\u00fassia e Israel \u2014, disse que as fam\u00edlias devem ajudar as pessoas idosas a entender as informa\u00e7\u00f5es sobre o coronav\u00edrus para poderem se manter saud\u00e1veis.<\/p>\n\n\n\n<p>A Cruz Vermelha Espanhola identificou, nesta linha, 400.000 pessoas em alto risco para o coronav\u00edrus e dirigiu uma campanha informativa a eles. Na Irlanda, as associa\u00e7\u00f5es esportivas, al\u00e9m de ligar diariamente para os idosos, fazem compras para eles e deixam na frente de suas portas para evitar qualquer contato que possa coloc\u00e1-los em risco.<\/p>\n\n\n\n<p>95% dos casos de infec\u00e7\u00e3o por coronav\u00edrus na regi\u00e3o europeia da OMS t\u00eam mais de 60 anos e 50% do total tem mais de 80, mas a tend\u00eancia a desenvolver uma forma grave da doen\u00e7a provavelmente est\u00e1 mais relacionada ao estado sa\u00fade geral da pessoa do que com a idade.<\/p>\n\n\n\n<p>Em uma coletiva de imprensa virtual, Klunge disse que oito em cada dez pessoas que morreram sofriam de pelo menos uma doen\u00e7a cr\u00f4nica.<\/p>\n\n\n\n<p>No entanto, o respons\u00e1vel tamb\u00e9m enfatizou que &#8220;qualquer no\u00e7\u00e3o de que o COVID-19 afeta apenas os idosos \u00e9 falsa&#8221;, uma vez que entre 10 e 15% dos casos moderados a graves t\u00eam menos de 50 anos de idade.<\/p>\n\n\n\n<p>Na Espanha e na It\u00e1lia, os pa\u00edses mais afetados da Europa, 10% dos que morreram de coronav\u00edrus estavam na faixa de 70 a 79 anos, disse ele.<\/p>\n\n\n\n<p>Quando o confinamento estrito ou parcial foi imposto na maioria dos pa\u00edses da regi\u00e3o, a OMS pediu a todos os afetados &#8211; embora com \u00eanfase especial nos idosos \u2014 que prestem aten\u00e7\u00e3o \u00e0 sua nutri\u00e7\u00e3o, fa\u00e7am atividades f\u00edsicas e fiquem longe tabaco e \u00e1lcool.<\/p>\n\n\n\n<p>&#8220;Mesmo dentro de casa, voc\u00ea pode ser fisicamente ativo. Se estamos sentados, trabalhando ou assistindo televis\u00e3o, vamos nos levantar pelo menos a cada hora, estabelecer uma rotina di\u00e1ria com objetivos, como fazer 30 minutos de exerc\u00edcio&#8221;, disse um especialista da a organiza\u00e7\u00e3o.<\/p>\n\n\n\n<p>As aultas virtuais de exerc\u00edcios tamb\u00e9m s\u00e3o uma op\u00e7\u00e3o, mas, se algu\u00e9m n\u00e3o souber acess\u00e1-las, ouvir m\u00fasica e dan\u00e7ar tamb\u00e9m \u00e9 uma boa alternativa, defendeu.<\/p>\n\n\n\n<p>O especialista da OMS Manfred Huber enfatizou que manter uma conex\u00e3o social \u00e9 essencial para as pessoas, principalmente se elas moram sozinhas.<\/p>\n\n\n\n<p>&#8220;Voc\u00ea precisa motiv\u00e1-los e ajud\u00e1-los a encontrar uma atividade que os interesse, que os diverte, para que eles mantenham sua sa\u00fade f\u00edsica e mental. Tamb\u00e9m deve haver uma rotina regular de sono e evitar assistir a not\u00edcias o dia todo&#8221;, recomendou.<\/p>\n","protected":false},"excerpt":{"rendered":"<p>As medidas de confinamento para interromper a transmiss\u00e3o do coronav\u00edrus est\u00e3o deixando consequ\u00eancias, principalmente entre os mais vulner\u00e1veis, idosos e doentes. Por isso, nesta quinta-feira&hellip; <\/p>\n","protected":false},"author":2,"featured_media":161894,"comment_status":"closed","ping_status":"closed","sticky":false,"template":"","format":"standard","meta":{"sfsi_plus_gutenberg_text_before_share":"","sfsi_plus_gutenberg_show_text_before_share":"","sfsi_plus_gutenberg_icon_type":"","sfsi_plus_gutenberg_icon_alignemt":"","sfsi_plus_gutenburg_max_per_row":"","footnotes":""},"categories":[50,16],"tags":[],"class_list":["post-161893","post","type-post","status-publish","format-standard","has-post-thumbnail","hentry","category-destaque","category-saude"],"_links":{"self":[{"href":"https:\/\/www.caririemacao.com\/1\/wp-json\/wp\/v2\/posts\/161893","targetHints":{"allow":["GET"]}}],"collection":[{"href":"https:\/\/www.caririemacao.com\/1\/wp-json\/wp\/v2\/posts"}],"about":[{"href":"https:\/\/www.caririemacao.com\/1\/wp-json\/wp\/v2\/types\/post"}],"author":[{"embeddable":true,"href":"https:\/\/www.caririemacao.com\/1\/wp-json\/wp\/v2\/users\/2"}],"replies":[{"embeddable":true,"href":"https:\/\/www.caririemacao.com\/1\/wp-json\/wp\/v2\/comments?post=161893"}],"version-history":[{"count":1,"href":"https:\/\/www.caririemacao.com\/1\/wp-json\/wp\/v2\/posts\/161893\/revisions"}],"predecessor-version":[{"id":161895,"href":"https:\/\/www.caririemacao.com\/1\/wp-json\/wp\/v2\/posts\/161893\/revisions\/161895"}],"wp:featuredmedia":[{"embeddable":true,"href":"https:\/\/www.caririemacao.com\/1\/wp-json\/wp\/v2\/media\/161894"}],"wp:attachment":[{"href":"https:\/\/www.caririemacao.com\/1\/wp-json\/wp\/v2\/media?parent=161893"}],"wp:term":[{"taxonomy":"category","embeddable":true,"href":"https:\/\/www.caririemacao.com\/1\/wp-json\/wp\/v2\/categories?post=161893"},{"taxonomy":"post_tag","embeddable":true,"href":"https:\/\/www.caririemacao.com\/1\/wp-json\/wp\/v2\/tags?post=161893"}],"curies":[{"name":"wp","href":"https:\/\/api.w.org\/{rel}","templated":true}]}}