{"id":161898,"date":"2020-04-03T06:38:31","date_gmt":"2020-04-03T09:38:31","guid":{"rendered":"http:\/\/www.caririemacao.com\/1\/?p=161898"},"modified":"2020-04-03T06:38:32","modified_gmt":"2020-04-03T09:38:32","slug":"veja-os-numeros-do-coronavirus-atualizados-no-brasil","status":"publish","type":"post","link":"https:\/\/www.caririemacao.com\/1\/2020\/04\/03\/veja-os-numeros-do-coronavirus-atualizados-no-brasil\/","title":{"rendered":"Veja os n\u00fameros do coronav\u00edrus atualizados no Brasil"},"content":{"rendered":"\n<p>O Brasil j\u00e1 registra ao menos 299 mortes pelo novo coronav\u00edrus, segundo dados do Minist\u00e9rio da Sa\u00fade divulgados nesta quinta-feira (2).<\/p>\n\n\n\n<p>Foram 58 novas mortes confirmadas nas \u00faltimas 24 horas, o maior volume registrado desde o in\u00edcio da emerg\u00eancia pela Covid-19.<\/p>\n\n\n\n<p>O recorde anterior havia sido registrado na ter\u00e7a (31), com 42 mortes confirmadas em apenas um dia.<\/p>\n\n\n\n<p>Com os novos dados, o pa\u00eds tamb\u00e9m j\u00e1 soma 7.910 casos confirmados da doen\u00e7a. O n\u00famero representa um salto de 16% em rela\u00e7\u00e3o ao dia anterior, quando eram contabilizados 6.836 casos.<\/p>\n\n\n\n<p>O minist\u00e9rio, por\u00e9m, tem informado que o n\u00famero real de casos tende a ser maior, j\u00e1 que s\u00e3o testados apenas os casos graves, de pacientes internados em hospitais, e h\u00e1 casos represados \u00e0 espera de confirma\u00e7\u00e3o.<\/p>\n\n\n\n<p>Reportagem do jornal Folha de S.Paulo desta quinta-feira mostrou que equipes de aten\u00e7\u00e3o b\u00e1sica em v\u00e1rias cidades e estados afirmam que a subnotifica\u00e7\u00e3o ao Minist\u00e9rio da Sa\u00fade de casos suspeitos tem sido gigantesca.<\/p>\n\n\n\n<p>Dizem ainda que, sem uma portaria espec\u00edfica do minist\u00e9rio, m\u00e9dicos t\u00eam se guiado por notas t\u00e9cnicas locais com orienta\u00e7\u00f5es distintas.<\/p>\n","protected":false},"excerpt":{"rendered":"<p>O Brasil j\u00e1 registra ao menos 299 mortes pelo novo coronav\u00edrus, segundo dados do Minist\u00e9rio da Sa\u00fade divulgados nesta quinta-feira (2). Foram 58 novas mortes&hellip; <\/p>\n","protected":false},"author":2,"featured_media":160927,"comment_status":"closed","ping_status":"closed","sticky":false,"template":"","format":"standard","meta":{"sfsi_plus_gutenberg_text_before_share":"","sfsi_plus_gutenberg_show_text_before_share":"","sfsi_plus_gutenberg_icon_type":"","sfsi_plus_gutenberg_icon_alignemt":"","sfsi_plus_gutenburg_max_per_row":"","footnotes":""},"categories":[2],"tags":[],"class_list":["post-161898","post","type-post","status-publish","format-standard","has-post-thumbnail","hentry","category-geral"],"_links":{"self":[{"href":"https:\/\/www.caririemacao.com\/1\/wp-json\/wp\/v2\/posts\/161898","targetHints":{"allow":["GET"]}}],"collection":[{"href":"https:\/\/www.caririemacao.com\/1\/wp-json\/wp\/v2\/posts"}],"about":[{"href":"https:\/\/www.caririemacao.com\/1\/wp-json\/wp\/v2\/types\/post"}],"author":[{"embeddable":true,"href":"https:\/\/www.caririemacao.com\/1\/wp-json\/wp\/v2\/users\/2"}],"replies":[{"embeddable":true,"href":"https:\/\/www.caririemacao.com\/1\/wp-json\/wp\/v2\/comments?post=161898"}],"version-history":[{"count":1,"href":"https:\/\/www.caririemacao.com\/1\/wp-json\/wp\/v2\/posts\/161898\/revisions"}],"predecessor-version":[{"id":161899,"href":"https:\/\/www.caririemacao.com\/1\/wp-json\/wp\/v2\/posts\/161898\/revisions\/161899"}],"wp:featuredmedia":[{"embeddable":true,"href":"https:\/\/www.caririemacao.com\/1\/wp-json\/wp\/v2\/media\/160927"}],"wp:attachment":[{"href":"https:\/\/www.caririemacao.com\/1\/wp-json\/wp\/v2\/media?parent=161898"}],"wp:term":[{"taxonomy":"category","embeddable":true,"href":"https:\/\/www.caririemacao.com\/1\/wp-json\/wp\/v2\/categories?post=161898"},{"taxonomy":"post_tag","embeddable":true,"href":"https:\/\/www.caririemacao.com\/1\/wp-json\/wp\/v2\/tags?post=161898"}],"curies":[{"name":"wp","href":"https:\/\/api.w.org\/{rel}","templated":true}]}}