{"id":161902,"date":"2020-04-03T06:40:55","date_gmt":"2020-04-03T09:40:55","guid":{"rendered":"http:\/\/www.caririemacao.com\/1\/?p=161902"},"modified":"2020-04-03T06:40:57","modified_gmt":"2020-04-03T09:40:57","slug":"a-escalada-preocupante-do-coronavirus-no-mundo-veja-os-numeros","status":"publish","type":"post","link":"https:\/\/www.caririemacao.com\/1\/2020\/04\/03\/a-escalada-preocupante-do-coronavirus-no-mundo-veja-os-numeros\/","title":{"rendered":"A escalada preocupante do coronav\u00edrus no mundo. Veja os n\u00fameros"},"content":{"rendered":"\n<p>O n\u00famero de pessoas infectadas em todo o mundo pelo Sars-CoV-2 ultrapassou a marca de 1 milh\u00e3o nesta quinta-feira (2), segundo levantamento da Universidade Johns Hopkins.<\/p>\n\n\n\n<p>A Europa j\u00e1 tem mais da metade das pessoas infectadas em todo o mundo, e os EUA s\u00e3o o pa\u00eds que tem mais casos sozinho: mais de 220 mil.<\/p>\n\n\n\n<p>Os cinco pa\u00edses com mais casos s\u00e3o: EUA, It\u00e1lia, Espanha, Alemanha e China.<\/p>\n\n\n\n<p>S\u00f3 na \u00faltima semana, o n\u00famero de mortos pela Covid-19 dobrou. A OMS (Organiza\u00e7\u00e3o Mundial da Sa\u00fade) disse temer uma escalada ainda maior da pandemia.<\/p>\n\n\n\n<p>O n\u00famero de casos diagnosticados, no entanto, reflete apenas uma parte do n\u00famero total de infec\u00e7\u00f5es devido \u00e0s diferentes pol\u00edticas dos pa\u00edses para registrar os casos \u2013alguns o fazem apenas com as pessoas em estado grave, como \u00e9 o caso do Brasil.<\/p>\n\n\n\n<p>Para compara\u00e7\u00e3o, a \u00faltima pandemia, de gripe A (H1N1), popularmente conhecida como gripe su\u00edna, ocorreu de mar\u00e7o de 2009 a agosto de 2010 e matou 18.449 pessoas em 214 pa\u00edses, segundo balan\u00e7o da OMS.<\/p>\n\n\n\n<p>A descoberta de um novo v\u00edrus na China foi comunicada \u00e0 OMS no fim de dezembro de 2019. Desde ent\u00e3o, 50 mil morreram em decorr\u00eancia da Covid-19 \u2013outra triste marca que foi batida nesta ter\u00e7a. It\u00e1lia, Espanha e Fran\u00e7a s\u00e3o os pa\u00edses com mais mortes, e a China vem em seguida.<\/p>\n\n\n\n<p>S\u00f3 EUA, It\u00e1lia e Espanha passaram dos 100 mil casos confirmados de Covid-19. Os EUA, por\u00e9m, j\u00e1 somam mais de 200 mil infectados e mais de 5.000 mortes.<\/p>\n\n\n\n<p>Mesmo com as medidas de distanciamento, a Casa Branca j\u00e1 fala de 100 mil a 240 mil mortes em solo americano nos pr\u00f3ximos meses.<\/p>\n\n\n\n<p>Nos dois pa\u00edses europeus, ocorreram, respectivamente, mais de 13 mil e mais de 9.000 mortes. Os outros focos da doen\u00e7a na Europa s\u00e3o a Alemanha (mais de 84 mil casos e pouco mais de 1.000 mortes) e a Fran\u00e7a (mais de 59 mil infectados e mais de 4.000 mortes).<\/p>\n\n\n\n<p>EUA, It\u00e1lia e Espanha registraram mais de 800 pessoas mortas diariamente pela doen\u00e7a nos \u00faltimos dias. Preocupam tamb\u00e9m as curvam de contamina\u00e7\u00e3o e mortes na Fran\u00e7a e no Reino Unido.<\/p>\n\n\n\n<p>Na China, onde o v\u00edrus se originou, pouco mais de 82 mil pessoas foram infectadas pelo novo coronav\u00edrus e cerca de 3.000 morreram.<\/p>\n\n\n\n<p>Com medidas dram\u00e1ticas e sem precedentes de isolamento, os chineses parecem ter conseguido conter a transmiss\u00e3o comunit\u00e1ria da epidemia, mas agora lutam contra casos importados de infec\u00e7\u00e3o.<\/p>\n\n\n\n<p>Por isso, as autoridades chinesas continuam investindo em detec\u00e7\u00e3o e medidas restritivas.<\/p>\n\n\n\n<p>Medidas de confinamento j\u00e1 afetam quase metade do planeta. Ag\u00eancias internacionais alertam que algumas partes do mundo podem enfrentar escassez de alimentos se as autoridades n\u00e3o enfrentarem a crise corretamente.<\/p>\n\n\n\n<p>As diferentes ag\u00eancias da ONU pediram na quarta-feira, em comunicado comum, mais solidariedade aos vizinhos mais vulner\u00e1veis, para evitar uma trag\u00e9dia alimentar.<\/p>\n\n\n\n<p>A escassez derivada da pandemia provocou protestos em alguns pa\u00edses mais pobres. \u201cNa Nig\u00e9ria, quando voc\u00ea trabalha, j\u00e1 passa fome. Imagine quando n\u00e3o pode trabalhar\u201d, resumiu Samuel Agber, que trabalha com reparos de aparelhos de ar-condicionado.<\/p>\n\n\n\n<p>Na \u00cdndia, a pol\u00edcia mostrava nas redes sociais faces bem diferentes. De um lado, aparecia dan\u00e7ando nas ruas com capacetes representando o v\u00edrus. De outro, agentes eram vistos agredindo quem violasse o confinamento.<\/p>\n\n\n\n<p>O presidente do Qu\u00eania, Uhuru Kenyatta, pediu hoje desculpas pelos \u201cexcessos\u201d policiais durante a aplica\u00e7\u00e3o do toque de recolher noturno.<\/p>\n\n\n\n<p>J\u00e1 Serra Leoa, um dos pa\u00edses mais pobres do planeta, decretou tr\u00eas dias de confinamento, com a fr\u00e1gil esperan\u00e7a de conter o primeiro surto da epidemia.<\/p>\n\n\n\n<p>Na Am\u00e9rica Latina, que j\u00e1 registrou mais de 500 mortes, v\u00e1rios pa\u00edses anunciaram a prorroga\u00e7\u00e3o das medidas, em uma tentativa de evitar o colapso de seus sistemas de sa\u00fade.<\/p>\n\n\n\n<p>Ao mesmo tempo, os pa\u00edses ricos est\u00e3o pressionados n\u00e3o apenas pelo vendaval sanit\u00e1rio mas tamb\u00e9m pela paralisa\u00e7\u00e3o de suas economias.<\/p>\n\n\n\n<p>\u201cNosso pa\u00eds enfrenta um desafio sem precedentes em sua hist\u00f3ria\u201d, declarou o presidente Donald Trump.<\/p>\n\n\n\n<p>HIST\u00d3RICO<br>No dia 31 de dezembro de 2019, as autoridades chinesas emitiram o primeiro alerta \u00e0 OMS sobre uma s\u00e9rie de casos de pneumonia de origem desconhecida na cidade de Wuhan.<\/p>\n\n\n\n<p>Em 9 de janeiro, an\u00e1lises do v\u00edrus apontaram que a pneumonia era causada por um novo coronav\u00edrus (posteriormente batizado de Sars-CoV-2).<\/p>\n\n\n\n<p>A primeira morte pelo novo v\u00edrus foi registrada 2 dias depois, 11 de janeiro. Passados mais dois dias, foi notificado o primeiro caso da doen\u00e7a fora do territ\u00f3rio chin\u00eas, na Tail\u00e2ndia. Uma mulher que voltava de Wuhan tinha um quadro de pneumonia leve.<\/p>\n\n\n\n<p>O primeiro caso da doen\u00e7a nos EUA foi confirmado no dia 21 de janeiro, em Washington. No dia 20 do mesmo m\u00eas, cientistas confirmaram a transmiss\u00e3o de humano para humano.<\/p>\n\n\n\n<p>Em entre os dia 23 e 24 de janeiro, Wuhan e outros locais da prov\u00edncia de Hubei confinam 40 milh\u00f5es de pessoas para tentar conter a epidemia e outros pontos da China tomavam medidas restritivas.<\/p>\n\n\n\n<p>Ao mesmo tempo, a OMS reconhecia a seriedade da crise no pa\u00eds asi\u00e1tico, mas considerava n\u00e3o se tratar ainda de uma emerg\u00eancia de sa\u00fade p\u00fablica global, que s\u00f3 acabou sendo declarada em 30 de janeiro.<\/p>\n\n\n\n<p>Durante o m\u00eas de fevereiro o v\u00edrus continua a se espalhar pelo mundo e acaba por atingir gravemente a It\u00e1lia.<\/p>\n\n\n\n<p>No dia 22 daquele m\u00eas, a escalada de casos no norte do pa\u00eds levou ao isolamento de 50 mil pessoas.<\/p>\n\n\n\n<p>As medidas restritivas italianas cresceram at\u00e9 a proibi\u00e7\u00e3o de deslocamento pelo pa\u00eds, em 8 de mar\u00e7o.<\/p>\n\n\n\n<p>No dia 11, a OMS declarava pandemia da Covid-19. Dois dias depois, afirmava que a Europa era o novo centro da doen\u00e7a. O n\u00famero de mortos na It\u00e1lia j\u00e1 passava de mil.<\/p>\n\n\n\n<p>Conforme a situa\u00e7\u00e3o se agravada no pa\u00eds mediterr\u00e2neo, as quarentenas e medidas restritivas se ampliavam, com milh\u00f5es de pessoas em confinamento.<\/p>\n\n\n\n<p>Em 25 de fevereiro, o Brasil confirmou o primeiro caso da doen\u00e7a. Nesta quinta, o pa\u00eds j\u00e1 soma 6.836 casos confirmados e 241 mortos.<\/p>\n","protected":false},"excerpt":{"rendered":"<p>O n\u00famero de pessoas infectadas em todo o mundo pelo Sars-CoV-2 ultrapassou a marca de 1 milh\u00e3o nesta quinta-feira (2), segundo levantamento da Universidade Johns&hellip; <\/p>\n","protected":false},"author":2,"featured_media":161903,"comment_status":"closed","ping_status":"closed","sticky":false,"template":"","format":"standard","meta":{"sfsi_plus_gutenberg_text_before_share":"","sfsi_plus_gutenberg_show_text_before_share":"","sfsi_plus_gutenberg_icon_type":"","sfsi_plus_gutenberg_icon_alignemt":"","sfsi_plus_gutenburg_max_per_row":"","footnotes":""},"categories":[2],"tags":[],"class_list":["post-161902","post","type-post","status-publish","format-standard","has-post-thumbnail","hentry","category-geral"],"_links":{"self":[{"href":"https:\/\/www.caririemacao.com\/1\/wp-json\/wp\/v2\/posts\/161902","targetHints":{"allow":["GET"]}}],"collection":[{"href":"https:\/\/www.caririemacao.com\/1\/wp-json\/wp\/v2\/posts"}],"about":[{"href":"https:\/\/www.caririemacao.com\/1\/wp-json\/wp\/v2\/types\/post"}],"author":[{"embeddable":true,"href":"https:\/\/www.caririemacao.com\/1\/wp-json\/wp\/v2\/users\/2"}],"replies":[{"embeddable":true,"href":"https:\/\/www.caririemacao.com\/1\/wp-json\/wp\/v2\/comments?post=161902"}],"version-history":[{"count":1,"href":"https:\/\/www.caririemacao.com\/1\/wp-json\/wp\/v2\/posts\/161902\/revisions"}],"predecessor-version":[{"id":161904,"href":"https:\/\/www.caririemacao.com\/1\/wp-json\/wp\/v2\/posts\/161902\/revisions\/161904"}],"wp:featuredmedia":[{"embeddable":true,"href":"https:\/\/www.caririemacao.com\/1\/wp-json\/wp\/v2\/media\/161903"}],"wp:attachment":[{"href":"https:\/\/www.caririemacao.com\/1\/wp-json\/wp\/v2\/media?parent=161902"}],"wp:term":[{"taxonomy":"category","embeddable":true,"href":"https:\/\/www.caririemacao.com\/1\/wp-json\/wp\/v2\/categories?post=161902"},{"taxonomy":"post_tag","embeddable":true,"href":"https:\/\/www.caririemacao.com\/1\/wp-json\/wp\/v2\/tags?post=161902"}],"curies":[{"name":"wp","href":"https:\/\/api.w.org\/{rel}","templated":true}]}}