{"id":161919,"date":"2020-04-03T06:52:11","date_gmt":"2020-04-03T09:52:11","guid":{"rendered":"http:\/\/www.caririemacao.com\/1\/?p=161919"},"modified":"2020-04-03T06:52:13","modified_gmt":"2020-04-03T09:52:13","slug":"idosa-de-88-anos-testa-positivo-para-covid-19-na-pb-numero-de-casos-sobe","status":"publish","type":"post","link":"https:\/\/www.caririemacao.com\/1\/2020\/04\/03\/idosa-de-88-anos-testa-positivo-para-covid-19-na-pb-numero-de-casos-sobe\/","title":{"rendered":"Idosa de 88 anos testa positivo para Covid-19 na PB; n\u00famero de casos sobe"},"content":{"rendered":"\n<p>A Secretaria de Estado da Sa\u00fade confirmou mais um caso de Covid-19, doen\u00e7a provocada pelo novo coronav\u00edrus,&nbsp; nesta quinta-feira, 2, na Para\u00edba.<\/p>\n\n\n\n<p>Trata-se de uma mulher de 88 anos, residente do munic\u00edpio de Jo\u00e3o Pessoa. Est\u00e1 internada na UTI de um hospital privado da capital.<\/p>\n\n\n\n<p>Com esta paciente, o n\u00famero de casos confirmados na Para\u00edba sobre para 29.<\/p>\n\n\n\n<p>At\u00e9 o momento, os casos confirmados est\u00e3o distribu\u00eddos por seis munic\u00edpios (Jo\u00e3o Pessoa, Campina Grande, Cabedelo, Patos, Sousa e Igaracy).<\/p>\n\n\n\n<p>No momento, 12 pacientes est\u00e3o internados em UTI (oito em estabelecimentos p\u00fablicos e quatro no privado) e 93 em leitos de isolamento, seguindo em investiga\u00e7\u00e3o para Covid-19.<\/p>\n\n\n\n<p>Os demais casos hospitalizados e com resultado n\u00e3o detect\u00e1vel seguem em investiga\u00e7\u00e3o para demais v\u00edrus.<\/p>\n\n\n\n<p>Dos casos confirmados, tr\u00eas encontra-se hospitalizados, tr\u00eas j\u00e1 se recuperaram da Covid-19 e 22 seguem em isolamento domiciliar.<\/p>\n\n\n\n<p>A Secretaria Estadual de Sa\u00fade (SES-PB) confirmou no dia 31 de Mar\u00e7o a primeira morte pela Covid-19 no Estado.<\/p>\n\n\n\n<p>Al\u00e9m disso, 445 casos foram descartados.<\/p>\n","protected":false},"excerpt":{"rendered":"<p>A Secretaria de Estado da Sa\u00fade confirmou mais um caso de Covid-19, doen\u00e7a provocada pelo novo coronav\u00edrus,&nbsp; nesta quinta-feira, 2, na Para\u00edba. Trata-se de uma&hellip; <\/p>\n","protected":false},"author":2,"featured_media":161425,"comment_status":"closed","ping_status":"closed","sticky":false,"template":"","format":"standard","meta":{"sfsi_plus_gutenberg_text_before_share":"","sfsi_plus_gutenberg_show_text_before_share":"","sfsi_plus_gutenberg_icon_type":"","sfsi_plus_gutenberg_icon_alignemt":"","sfsi_plus_gutenburg_max_per_row":"","footnotes":""},"categories":[50,2],"tags":[],"class_list":["post-161919","post","type-post","status-publish","format-standard","has-post-thumbnail","hentry","category-destaque","category-geral"],"_links":{"self":[{"href":"https:\/\/www.caririemacao.com\/1\/wp-json\/wp\/v2\/posts\/161919","targetHints":{"allow":["GET"]}}],"collection":[{"href":"https:\/\/www.caririemacao.com\/1\/wp-json\/wp\/v2\/posts"}],"about":[{"href":"https:\/\/www.caririemacao.com\/1\/wp-json\/wp\/v2\/types\/post"}],"author":[{"embeddable":true,"href":"https:\/\/www.caririemacao.com\/1\/wp-json\/wp\/v2\/users\/2"}],"replies":[{"embeddable":true,"href":"https:\/\/www.caririemacao.com\/1\/wp-json\/wp\/v2\/comments?post=161919"}],"version-history":[{"count":1,"href":"https:\/\/www.caririemacao.com\/1\/wp-json\/wp\/v2\/posts\/161919\/revisions"}],"predecessor-version":[{"id":161920,"href":"https:\/\/www.caririemacao.com\/1\/wp-json\/wp\/v2\/posts\/161919\/revisions\/161920"}],"wp:featuredmedia":[{"embeddable":true,"href":"https:\/\/www.caririemacao.com\/1\/wp-json\/wp\/v2\/media\/161425"}],"wp:attachment":[{"href":"https:\/\/www.caririemacao.com\/1\/wp-json\/wp\/v2\/media?parent=161919"}],"wp:term":[{"taxonomy":"category","embeddable":true,"href":"https:\/\/www.caririemacao.com\/1\/wp-json\/wp\/v2\/categories?post=161919"},{"taxonomy":"post_tag","embeddable":true,"href":"https:\/\/www.caririemacao.com\/1\/wp-json\/wp\/v2\/tags?post=161919"}],"curies":[{"name":"wp","href":"https:\/\/api.w.org\/{rel}","templated":true}]}}