{"id":161923,"date":"2020-04-03T06:53:34","date_gmt":"2020-04-03T09:53:34","guid":{"rendered":"http:\/\/www.caririemacao.com\/1\/?p=161923"},"modified":"2020-04-03T06:53:35","modified_gmt":"2020-04-03T09:53:35","slug":"paraiba-registra-aumento-no-numero-de-assaltos-e-arrombamentos-durante-quarentena-alerta-secretario-de-seguranca","status":"publish","type":"post","link":"https:\/\/www.caririemacao.com\/1\/2020\/04\/03\/paraiba-registra-aumento-no-numero-de-assaltos-e-arrombamentos-durante-quarentena-alerta-secretario-de-seguranca\/","title":{"rendered":"Para\u00edba registra aumento no n\u00famero de assaltos e arrombamentos durante quarentena, alerta secret\u00e1rio de Seguran\u00e7a"},"content":{"rendered":"\n<p>O secret\u00e1rio de Seguran\u00e7a e Defesa Social da Para\u00edba, Jean Francisco Nunes, disse que houve aumento nos crimes de assaltos a pessoas e com\u00e9rcios e arrombamento a estabelecimentos durante a quarentena da pandemia do novo coronav\u00edrus. Em entrevista ao Arapuan Verdade, nesta quarta-feira (2), ele informou que esteve reunido em videoconfer\u00eancia com secret\u00e1rios de Seguran\u00e7a P\u00fablica de todo o Brasil e com a equipe do Minist\u00e9rio da Justi\u00e7a para discutir novas estrat\u00e9gias de enfrentamento ao crime durante o per\u00edodo em que as ruas est\u00e3o desertas por causa do isolamento social para preven\u00e7\u00e3o \u00e0 Covid-19.<\/p>\n\n\n\n<p>&#8220;Desde que foram decretadas as situa\u00e7\u00f5es de emerg\u00eancia e de calamidade, a criminalidade busca migrar e procurar alguns pontos em que possam praticar seus crimes. H\u00e1 uma tend\u00eancia que, desde que foram decretadas essas situa\u00e7\u00f5es aqui no pa\u00eds, houve um aumento de alguns tipos de crime, principalmente a viol\u00eancia contra o patrim\u00f4nio&#8221;, explicou Jean Nunes.<\/p>\n\n\n\n<p>O secret\u00e1rio detalhou que as pessoas que circulam por ruas desertas tornaram-se alvos f\u00e1ceis e falou da import\u00e2ncia do policiamento entender e combater essa nova forma de atua\u00e7\u00e3o dos criminosos. &#8220;Mesmo as ruas estando desertas, aqueles que saem \u00e0s ruas tornam-se um alvo mais f\u00e1cil. Alguns estabelecimentos que ficam fechados em determinado per\u00edodo acabam alvos de arrombamento ou de uma viola\u00e7\u00e3o. \u00c9 necess\u00e1rio que as pol\u00edcias todas se adequem, busquem refor\u00e7ar e mudar as rotinas de policiamento para que a gente possa fazer frente a essa mudan\u00e7a. A gente tem, por rotina, uma s\u00e9rie de eventos j\u00e1 programados e, naturalmente, agora a gente precisa readequar o planejamento para dar conta dessa nova din\u00e2mica.&#8221;<\/p>\n\n\n\n<p>Em rela\u00e7\u00e3o \u00e0 not\u00edcia de que houve um &#8216;arrast\u00e3o&#8217; na Avenida Epit\u00e1cio Pessoa, na Capital, ontem (1\u00ba), o secret\u00e1rio disse que isso \u00e9 fake news e que a situa\u00e7\u00e3o foi de persegui\u00e7\u00e3o a bandidos. &#8220;N\u00e3o foi um arrast\u00e3o. Foi uma ocorr\u00eancia isolada em que uma dupla estava praticando assaltos. Mas a Pol\u00edcia Militar deu uma resposta imediata, prendeu os dois em flagrante. No momento da pris\u00e3o gera aquele tumulto, algu\u00e9m passando em seu ve\u00edculo acreditava ser um arrast\u00e3o ou algu\u00e9m de forma maldosa espalhou essa (falsa) not\u00edcia.&#8221;<\/p>\n\n\n\n<p>O secret\u00e1rio orientou que as pessoas fiquem em casa durante a quarentena, saindo apenas para alguma necessidade essencial. &#8220;Estamos vivendo um momento de excepcionalidade em todos os setores da sociedade. A popula\u00e7\u00e3o precisa atender ao chamamento, \u00e0s orienta\u00e7\u00f5es das autoridades de Sa\u00fade p\u00fablica para que permane\u00e7am nas suas resid\u00eancias.&#8221;<\/p>\n\n\n\n<p>Jean Nunes respondeu sobre como tem sido o comportamento da popula\u00e7\u00e3o em rela\u00e7\u00e3o aos decretos e proibi\u00e7\u00e3o de aglomera\u00e7\u00f5es e destacou que o desobediente pode responder at\u00e9 pelo crime de epidemia. &#8220;Desde que iniciamos esse processo de conscientiza\u00e7\u00e3o, a gente n\u00e3o tem tido problemas. A popula\u00e7\u00e3o tem colaborado muito. Aqueles casos em que houver descumprimento \u00e0 norma, as pol\u00edcias v\u00e3o agir, levar esse caso \u00e0 apura\u00e7\u00e3o, e fazer com que essas pessoas respondam principalmente pelo descumprindo das normas de vigil\u00e2ncia sanit\u00e1ria ou podem at\u00e9 ser responsabilizadas pelo crime de epidemia.&#8221;<\/p>\n","protected":false},"excerpt":{"rendered":"<p>O secret\u00e1rio de Seguran\u00e7a e Defesa Social da Para\u00edba, Jean Francisco Nunes, disse que houve aumento nos crimes de assaltos a pessoas e com\u00e9rcios e&hellip; <\/p>\n","protected":false},"author":2,"featured_media":161924,"comment_status":"closed","ping_status":"closed","sticky":false,"template":"","format":"standard","meta":{"sfsi_plus_gutenberg_text_before_share":"","sfsi_plus_gutenberg_show_text_before_share":"","sfsi_plus_gutenberg_icon_type":"","sfsi_plus_gutenberg_icon_alignemt":"","sfsi_plus_gutenburg_max_per_row":"","footnotes":""},"categories":[12],"tags":[],"class_list":["post-161923","post","type-post","status-publish","format-standard","has-post-thumbnail","hentry","category-policia"],"_links":{"self":[{"href":"https:\/\/www.caririemacao.com\/1\/wp-json\/wp\/v2\/posts\/161923","targetHints":{"allow":["GET"]}}],"collection":[{"href":"https:\/\/www.caririemacao.com\/1\/wp-json\/wp\/v2\/posts"}],"about":[{"href":"https:\/\/www.caririemacao.com\/1\/wp-json\/wp\/v2\/types\/post"}],"author":[{"embeddable":true,"href":"https:\/\/www.caririemacao.com\/1\/wp-json\/wp\/v2\/users\/2"}],"replies":[{"embeddable":true,"href":"https:\/\/www.caririemacao.com\/1\/wp-json\/wp\/v2\/comments?post=161923"}],"version-history":[{"count":1,"href":"https:\/\/www.caririemacao.com\/1\/wp-json\/wp\/v2\/posts\/161923\/revisions"}],"predecessor-version":[{"id":161925,"href":"https:\/\/www.caririemacao.com\/1\/wp-json\/wp\/v2\/posts\/161923\/revisions\/161925"}],"wp:featuredmedia":[{"embeddable":true,"href":"https:\/\/www.caririemacao.com\/1\/wp-json\/wp\/v2\/media\/161924"}],"wp:attachment":[{"href":"https:\/\/www.caririemacao.com\/1\/wp-json\/wp\/v2\/media?parent=161923"}],"wp:term":[{"taxonomy":"category","embeddable":true,"href":"https:\/\/www.caririemacao.com\/1\/wp-json\/wp\/v2\/categories?post=161923"},{"taxonomy":"post_tag","embeddable":true,"href":"https:\/\/www.caririemacao.com\/1\/wp-json\/wp\/v2\/tags?post=161923"}],"curies":[{"name":"wp","href":"https:\/\/api.w.org\/{rel}","templated":true}]}}