{"id":161929,"date":"2020-04-03T06:55:20","date_gmt":"2020-04-03T09:55:20","guid":{"rendered":"http:\/\/www.caririemacao.com\/1\/?p=161929"},"modified":"2020-04-03T06:55:22","modified_gmt":"2020-04-03T09:55:22","slug":"mppb-destina-r-1-milhao-para-compra-de-mais-de-10-mil-testes-e-kits-de-deteccao-do-coronavirus","status":"publish","type":"post","link":"https:\/\/www.caririemacao.com\/1\/2020\/04\/03\/mppb-destina-r-1-milhao-para-compra-de-mais-de-10-mil-testes-e-kits-de-deteccao-do-coronavirus\/","title":{"rendered":"MPPB destina R$ 1 milh\u00e3o para compra de mais de 10 mil testes e kits de detec\u00e7\u00e3o do coronav\u00edrus"},"content":{"rendered":"\n<p>Foi publicado no Di\u00e1rio Oficial Eletr\u00f4nico do Minist\u00e9rio P\u00fablico da Para\u00edba, nesta quarta-feira (01) o extrato do termo de coopera\u00e7\u00e3o entre o Conselho Gestor do Fundo de Direitos Difusos da Para\u00edba (FDD-PB), presidido pelo chefe do MPPB, e a Secretaria de Estado de Sa\u00fade (SES-PB), prevendo a destina\u00e7\u00e3o de R$ 1 milh\u00e3o para a compra de testes de covid-19. Conforme o conv\u00eanio, ser\u00e3o adquiridos 510 kits, somando um total de 10.200 unidades para diagn\u00f3stico da popula\u00e7\u00e3o paraibana que est\u00e1 exposta \u00e0 infec\u00e7\u00e3o pelo coronav\u00edrus.<\/p>\n\n\n\n<p>Cada kit est\u00e1 or\u00e7ado em R$ 1.960, totalizando uma previs\u00e3o de aplica\u00e7\u00e3o de recursos na ordem de R$ 999.600,00. Devem ser adquiridos 510 kits, cada um com 20 unidades. A SES dever\u00e1 reverter ao FDD eventual recurso remanescente do valor descentralizado, decorrente da execu\u00e7\u00e3o parcial com a devida justificativa. Os kits adquiridos ser\u00e3o destinados ao Laborat\u00f3rio Central do Estado (Lacen-PB).<br><\/p>\n\n\n\n<p>De acordo com o termo, a descentraliza\u00e7\u00e3o dos recursos obedece as regras de aplica\u00e7\u00e3o dos recursos do Fundo Especial de Prote\u00e7\u00e3o aos Interesses Difusos (artigo 2 da Lei Estadual 8.102\/2006) e no decretos estaduais 33.884\/2013 e 40.128\/2020 e Federal 06\/2020.<\/p>\n\n\n\n<p>O Conselho Gestor do FDD se comprometeu em repassar em 72 horas os recursos e acompanhar e fiscalizar e a execu\u00e7\u00e3o do objeto ajustado, podendo a qualquer tempo solicitar o envio de informa\u00e7\u00f5es e documenta\u00e7\u00e3o comprobat\u00f3ria das despesas realizadas e dos pagamentos efetuados. A SES deve proceder a processo licitat\u00f3rio para aquisi\u00e7\u00e3o dos bens ou a processo de dispensa ou inexigibilidade em estrita conformidade com a Lei 8.666\/1993, em at\u00e9 30 dias a contar da disponibiliza\u00e7\u00e3o dos recursos. Os relat\u00f3rios de execu\u00e7\u00e3o f\u00edsico-financeira e de presta\u00e7\u00e3o de contas devem ser encaminhados pela SES dentro do prazo de 90 dias de vig\u00eancia do termo.<\/p>\n\n\n\n<p>Assinam o Termo de Coopera\u00e7\u00e3o 001\/2020, o presidente do Conselho Gestor do FDD e chefe do MPPB, o procurador de Justi\u00e7a Francisco Ser\u00e1phico Ferraz da N\u00f3brega Filho, e o secret\u00e1rio de Estado da Sa\u00fade, Geraldo Antonio de Medeiros. \u201cO instrumento tem por objeto a m\u00fatua coopera\u00e7\u00e3o entre o FDD e a SES para atender a urg\u00eancia na ado\u00e7\u00e3o de medidas de combate \u00e0 pandemia do novo coronav\u00edrus no Estado. A aplica\u00e7\u00e3o do recurso na aquisi\u00e7\u00e3o de testes se justifica pela prolifera\u00e7\u00e3o do cont\u00e1gio da popula\u00e7\u00e3o, sendo necess\u00e1rio fazer esse acompanhamento para o pronto combate \u00e0 pandemia\u201d, destacou Ser\u00e1phico.<br><\/p>\n\n\n\n<figure class=\"wp-block-image\"><img decoding=\"async\" data-src=\"https:\/\/www.clickpb.com.br\/media\/filer_public\/c4\/c2\/c4c2c1a3-e6f1-4d84-b703-57da66d18339\/02-04-2020-fdd-testes.jpeg\" alt=\"\" src=\"data:image\/svg+xml;base64,PHN2ZyB3aWR0aD0iMSIgaGVpZ2h0PSIxIiB4bWxucz0iaHR0cDovL3d3dy53My5vcmcvMjAwMC9zdmciPjwvc3ZnPg==\" class=\"lazyload\" \/><\/figure>\n","protected":false},"excerpt":{"rendered":"<p>Foi publicado no Di\u00e1rio Oficial Eletr\u00f4nico do Minist\u00e9rio P\u00fablico da Para\u00edba, nesta quarta-feira (01) o extrato do termo de coopera\u00e7\u00e3o entre o Conselho Gestor do&hellip; <\/p>\n","protected":false},"author":2,"featured_media":150673,"comment_status":"closed","ping_status":"closed","sticky":false,"template":"","format":"standard","meta":{"sfsi_plus_gutenberg_text_before_share":"","sfsi_plus_gutenberg_show_text_before_share":"","sfsi_plus_gutenberg_icon_type":"","sfsi_plus_gutenberg_icon_alignemt":"","sfsi_plus_gutenburg_max_per_row":"","footnotes":""},"categories":[2],"tags":[],"class_list":["post-161929","post","type-post","status-publish","format-standard","has-post-thumbnail","hentry","category-geral"],"_links":{"self":[{"href":"https:\/\/www.caririemacao.com\/1\/wp-json\/wp\/v2\/posts\/161929","targetHints":{"allow":["GET"]}}],"collection":[{"href":"https:\/\/www.caririemacao.com\/1\/wp-json\/wp\/v2\/posts"}],"about":[{"href":"https:\/\/www.caririemacao.com\/1\/wp-json\/wp\/v2\/types\/post"}],"author":[{"embeddable":true,"href":"https:\/\/www.caririemacao.com\/1\/wp-json\/wp\/v2\/users\/2"}],"replies":[{"embeddable":true,"href":"https:\/\/www.caririemacao.com\/1\/wp-json\/wp\/v2\/comments?post=161929"}],"version-history":[{"count":1,"href":"https:\/\/www.caririemacao.com\/1\/wp-json\/wp\/v2\/posts\/161929\/revisions"}],"predecessor-version":[{"id":161930,"href":"https:\/\/www.caririemacao.com\/1\/wp-json\/wp\/v2\/posts\/161929\/revisions\/161930"}],"wp:featuredmedia":[{"embeddable":true,"href":"https:\/\/www.caririemacao.com\/1\/wp-json\/wp\/v2\/media\/150673"}],"wp:attachment":[{"href":"https:\/\/www.caririemacao.com\/1\/wp-json\/wp\/v2\/media?parent=161929"}],"wp:term":[{"taxonomy":"category","embeddable":true,"href":"https:\/\/www.caririemacao.com\/1\/wp-json\/wp\/v2\/categories?post=161929"},{"taxonomy":"post_tag","embeddable":true,"href":"https:\/\/www.caririemacao.com\/1\/wp-json\/wp\/v2\/tags?post=161929"}],"curies":[{"name":"wp","href":"https:\/\/api.w.org\/{rel}","templated":true}]}}