{"id":161933,"date":"2020-04-03T06:59:49","date_gmt":"2020-04-03T09:59:49","guid":{"rendered":"http:\/\/www.caririemacao.com\/1\/?p=161933"},"modified":"2020-04-03T06:59:51","modified_gmt":"2020-04-03T09:59:51","slug":"quase-24-horas-depois-de-anunciar-sancao-bolsonaro-publica-lei-que-cria-auxilio-de-r-600","status":"publish","type":"post","link":"https:\/\/www.caririemacao.com\/1\/2020\/04\/03\/quase-24-horas-depois-de-anunciar-sancao-bolsonaro-publica-lei-que-cria-auxilio-de-r-600\/","title":{"rendered":"Quase 24 horas depois de anunciar san\u00e7\u00e3o, Bolsonaro publica lei que cria aux\u00edlio de R$ 600"},"content":{"rendered":"\n<p>Quase 24 horas depois de anunciar a san\u00e7\u00e3o do projeto de lei que cria o aux\u00edlio de R$ 600 a trabalhadores informais, o presidente Jair Bolsonaro formalizou o programa emergencial. O texto foi publicado em edi\u00e7\u00e3o extra do Di\u00e1rio Oficial da Uni\u00e3o na noite desta quinta-feira. Bolsonaro decidiu vetar o trecho que previa amplia\u00e7\u00e3o do acesso ao benef\u00edcio de presta\u00e7\u00e3o continuada (BPC), pago a idosos e pessoas com defici\u00eancia carentes.<br><\/p>\n\n\n\n<p>A medida faz parte do pacote de a\u00e7\u00f5es do governo para lidar com a crise do coronav\u00edrus. O aval presidencial foi anunciado dois dias ap\u00f3s o Congresso ter aprovado a proposta e formalizado tr\u00eas dias depois da a\u00e7\u00e3o do Legislativo.<\/p>\n\n\n\n<p>O benef\u00edcio ser\u00e1 pago a 54 milh\u00f5es de brasileiros e custar\u00e1 aos cofres p\u00fablicos R$ 98 bilh\u00f5es. O valor \u00e9 seis vezes maior que o inicialmente projetado pela equipe econ\u00f4mica, que previa gastar R$ 15 bilh\u00f5es com um benef\u00edcio de R$ 200 pago a um n\u00famero menor de pessoas.<\/p>\n\n\n\n<p>O presidente vetou a amplia\u00e7\u00e3o do Benef\u00edcio de Presta\u00e7\u00e3o Continuada (BPC). Deputados e senadores aprovaram, junto com esse aux\u00edlio emergencial, a amplia\u00e7\u00e3o do BPC. O BPC \u00e9 um sal\u00e1rio m\u00ednimo pago a pessoas com defici\u00eancia e idosos de baixa renda. Hoje, o sal\u00e1rio m\u00ednimo est\u00e1 em R$ 1.045. O Minist\u00e9rio da Economia pediu o veto.<\/p>\n","protected":false},"excerpt":{"rendered":"<p>Quase 24 horas depois de anunciar a san\u00e7\u00e3o do projeto de lei que cria o aux\u00edlio de R$ 600 a trabalhadores informais, o presidente Jair&hellip; <\/p>\n","protected":false},"author":2,"featured_media":161037,"comment_status":"closed","ping_status":"closed","sticky":false,"template":"","format":"standard","meta":{"sfsi_plus_gutenberg_text_before_share":"","sfsi_plus_gutenberg_show_text_before_share":"","sfsi_plus_gutenberg_icon_type":"","sfsi_plus_gutenberg_icon_alignemt":"","sfsi_plus_gutenburg_max_per_row":"","footnotes":""},"categories":[11],"tags":[],"class_list":["post-161933","post","type-post","status-publish","format-standard","has-post-thumbnail","hentry","category-politica"],"_links":{"self":[{"href":"https:\/\/www.caririemacao.com\/1\/wp-json\/wp\/v2\/posts\/161933","targetHints":{"allow":["GET"]}}],"collection":[{"href":"https:\/\/www.caririemacao.com\/1\/wp-json\/wp\/v2\/posts"}],"about":[{"href":"https:\/\/www.caririemacao.com\/1\/wp-json\/wp\/v2\/types\/post"}],"author":[{"embeddable":true,"href":"https:\/\/www.caririemacao.com\/1\/wp-json\/wp\/v2\/users\/2"}],"replies":[{"embeddable":true,"href":"https:\/\/www.caririemacao.com\/1\/wp-json\/wp\/v2\/comments?post=161933"}],"version-history":[{"count":1,"href":"https:\/\/www.caririemacao.com\/1\/wp-json\/wp\/v2\/posts\/161933\/revisions"}],"predecessor-version":[{"id":161934,"href":"https:\/\/www.caririemacao.com\/1\/wp-json\/wp\/v2\/posts\/161933\/revisions\/161934"}],"wp:featuredmedia":[{"embeddable":true,"href":"https:\/\/www.caririemacao.com\/1\/wp-json\/wp\/v2\/media\/161037"}],"wp:attachment":[{"href":"https:\/\/www.caririemacao.com\/1\/wp-json\/wp\/v2\/media?parent=161933"}],"wp:term":[{"taxonomy":"category","embeddable":true,"href":"https:\/\/www.caririemacao.com\/1\/wp-json\/wp\/v2\/categories?post=161933"},{"taxonomy":"post_tag","embeddable":true,"href":"https:\/\/www.caririemacao.com\/1\/wp-json\/wp\/v2\/tags?post=161933"}],"curies":[{"name":"wp","href":"https:\/\/api.w.org\/{rel}","templated":true}]}}