{"id":161937,"date":"2020-04-03T07:01:21","date_gmt":"2020-04-03T10:01:21","guid":{"rendered":"http:\/\/www.caririemacao.com\/1\/?p=161937"},"modified":"2020-04-03T07:01:22","modified_gmt":"2020-04-03T10:01:22","slug":"ministerio-da-saude-identifica-que-primeiro-caso-de-coronavirus-no-brasil-ocorreu-em-janeiro","status":"publish","type":"post","link":"https:\/\/www.caririemacao.com\/1\/2020\/04\/03\/ministerio-da-saude-identifica-que-primeiro-caso-de-coronavirus-no-brasil-ocorreu-em-janeiro\/","title":{"rendered":"Minist\u00e9rio da Sa\u00fade identifica que primeiro caso de coronav\u00edrus no Brasil ocorreu em janeiro"},"content":{"rendered":"\n<p>O Brasil registrou o primeiro caso de Covid-19 no fim de janeiro. Segundo dados divulgados nesta quinta-feira pelo Minist\u00e9rio da Sa\u00fade, houve uma hospitaliza\u00e7\u00e3o em raz\u00e3o da doen\u00e7a na quarta semana do ano. At\u00e9 ent\u00e3o, o primeiro caso do novo coronav\u00edrus no Brasil, que j\u00e1 matou 299 pessoas, tinha sido confirmado no fim de fevereiro.<br><\/p>\n\n\n\n<p>Segundo o secret\u00e1rio de Vigil\u00e2ncia em Sa\u00fade da pasta, Wanderson de Oliveira, o caso \u00e9 de 23 de janeiro e foi importado, ou seja, contra\u00eddo em outro pa\u00eds. De acordo com ele, no caso da epidemia de zika, em 2015 e 2016, ocorreu a mesma coisa, ou seja, investiga\u00e7\u00e3o retroativa descobriu casos mais antigos do que os eram conhecidos inicialmente<\/p>\n\n\n\n<p>\u2014 N\u00e3o tem d\u00favida de que \u00e9 caso confirmado \u2014 disse Wanderson.<\/p>\n\n\n\n<p>O Minist\u00e9rio da Sa\u00fade explicou que est\u00e1 fazendo uma investiga\u00e7\u00e3o retroativa de casos de s\u00edndrome respirat\u00f3ria aguda grave (SRAG). Nesse processo, foi encontrado um caso de janeiro.<\/p>\n\n\n\n<p>Desde o come\u00e7o do ano, houve 23.999 hospitaliza\u00e7\u00f5es por SRAG. Delas, houve confirma\u00e7\u00e3o de covid-19 em 1.587, ou 6,6% do total. Fora o caso de janeiro, todos os demais s\u00e3o a partir da oitava semana, ou seja, j\u00e1 no fim de fevereiro. Nessa semana, houve uma hospitaliza\u00e7\u00e3o.<\/p>\n\n\n\n<p><strong>Veja todas as not\u00edcias em rela\u00e7\u00e3o ao Coronav\u00edrus<\/strong><br><\/p>\n\n\n\n<p>Depois disso, os n\u00fameros subiram. Na semana seguinte, foram quatro interna\u00e7\u00f5es. Na d\u00e9cima, 42. Na d\u00e9cima primeira, 355 hospitaliza\u00e7\u00f5es. Na d\u00e9cima segunda, 710. Na d\u00e9cima terceira, 433. E na d\u00e9cima quarta, que \u00e9 a semana atual, j\u00e1 s\u00e3o 41. Os n\u00fameros podem mudar, porque nem todos os casos foram investigados.<\/p>\n\n\n\n<p>Quando consideradas apenas as hospitaliza\u00e7\u00f5es por SRAG em que foi confirmada a presen\u00e7a de um v\u00edrus respirat\u00f3rio, a Covid-19 responde por mais da metade dos casos nas \u00faltimas tr\u00eas semanas. Em outras palavras, houve mais casos graves relacionados ao novo coronav\u00edrus do que com os outros v\u00edrus, como o H1N1, o H3N2 e o influenza B, que causam a gripe.<\/p>\n\n\n\n<p>O estado de S\u00e3o Paulo, o mais afetado pela epidemia, concentra 82,5% das hospitaliza\u00e7\u00f5es por covid-19. Quando considerado todo o universo de interna\u00e7\u00f5es por SRAG, o estado responde por 48,4% do total. O segundo estado com mais hospitaliza\u00e7\u00f5es em raz\u00e3o do novo coronav\u00edrus \u00e9 o Rio de Janeiro, com 4,4%.<\/p>\n","protected":false},"excerpt":{"rendered":"<p>O Brasil registrou o primeiro caso de Covid-19 no fim de janeiro. Segundo dados divulgados nesta quinta-feira pelo Minist\u00e9rio da Sa\u00fade, houve uma hospitaliza\u00e7\u00e3o em&hellip; <\/p>\n","protected":false},"author":2,"featured_media":161938,"comment_status":"closed","ping_status":"closed","sticky":false,"template":"","format":"standard","meta":{"sfsi_plus_gutenberg_text_before_share":"","sfsi_plus_gutenberg_show_text_before_share":"","sfsi_plus_gutenberg_icon_type":"","sfsi_plus_gutenberg_icon_alignemt":"","sfsi_plus_gutenburg_max_per_row":"","footnotes":""},"categories":[50,16],"tags":[],"class_list":["post-161937","post","type-post","status-publish","format-standard","has-post-thumbnail","hentry","category-destaque","category-saude"],"_links":{"self":[{"href":"https:\/\/www.caririemacao.com\/1\/wp-json\/wp\/v2\/posts\/161937","targetHints":{"allow":["GET"]}}],"collection":[{"href":"https:\/\/www.caririemacao.com\/1\/wp-json\/wp\/v2\/posts"}],"about":[{"href":"https:\/\/www.caririemacao.com\/1\/wp-json\/wp\/v2\/types\/post"}],"author":[{"embeddable":true,"href":"https:\/\/www.caririemacao.com\/1\/wp-json\/wp\/v2\/users\/2"}],"replies":[{"embeddable":true,"href":"https:\/\/www.caririemacao.com\/1\/wp-json\/wp\/v2\/comments?post=161937"}],"version-history":[{"count":1,"href":"https:\/\/www.caririemacao.com\/1\/wp-json\/wp\/v2\/posts\/161937\/revisions"}],"predecessor-version":[{"id":161939,"href":"https:\/\/www.caririemacao.com\/1\/wp-json\/wp\/v2\/posts\/161937\/revisions\/161939"}],"wp:featuredmedia":[{"embeddable":true,"href":"https:\/\/www.caririemacao.com\/1\/wp-json\/wp\/v2\/media\/161938"}],"wp:attachment":[{"href":"https:\/\/www.caririemacao.com\/1\/wp-json\/wp\/v2\/media?parent=161937"}],"wp:term":[{"taxonomy":"category","embeddable":true,"href":"https:\/\/www.caririemacao.com\/1\/wp-json\/wp\/v2\/categories?post=161937"},{"taxonomy":"post_tag","embeddable":true,"href":"https:\/\/www.caririemacao.com\/1\/wp-json\/wp\/v2\/tags?post=161937"}],"curies":[{"name":"wp","href":"https:\/\/api.w.org\/{rel}","templated":true}]}}