{"id":161944,"date":"2020-04-03T07:19:46","date_gmt":"2020-04-03T10:19:46","guid":{"rendered":"http:\/\/www.caririemacao.com\/1\/?p=161944"},"modified":"2020-04-03T07:19:49","modified_gmt":"2020-04-03T10:19:49","slug":"justica-determina-que-cultos-religiosos-nao-sejam-considerados-servicos-essenciais","status":"publish","type":"post","link":"https:\/\/www.caririemacao.com\/1\/2020\/04\/03\/justica-determina-que-cultos-religiosos-nao-sejam-considerados-servicos-essenciais\/","title":{"rendered":"Justi\u00e7a determina que cultos religiosos n\u00e3o sejam considerados servi\u00e7os essenciais"},"content":{"rendered":"\n<p>Um juiz federal de Bras\u00edlia determinou \u00e0 Uni\u00e3o que exclua as atividades religiosas do rol de servi\u00e7os considerados &#8220;essenciais&#8221; durante a pandemia do novo coronav\u00edrus.<\/p>\n\n\n\n<p>Servi\u00e7os considerados essenciais s\u00e3o aqueles que podem continuar em funcionamento durante a crise \u2014 no \u00faltimo dia 20 de mar\u00e7o, o presidente Jair Bolsonaro (sem partido) editou um decreto para incluir nesta categoria as atividades religiosas e as casas lot\u00e9ricas, entre outras atividades.<\/p>\n\n\n\n<p>A decis\u00e3o tem car\u00e1ter liminar (provis\u00f3rio) e \u00e9 assinada pelo juiz federal Manoel Pedro Martins de Castro Filho, da 6\u00aa Vara da Justi\u00e7a Federal do DF.<\/p>\n\n\n\n<p>No despacho, o juiz cassa o trecho que do decreto de Bolsonaro que considera as &#8220;atividades religiosas de qualquer natureza&#8221; como um servi\u00e7o essencial.<\/p>\n\n\n\n<p>Para o juiz, o decreto presidencial &#8220;n\u00e3o se coaduna com a grav\u00edssima situa\u00e7\u00e3o de calamidade p\u00fablica decorrente da pandemia que imp\u00f5e a reuni\u00e3o de esfor\u00e7os e sacrif\u00edcios coordenados do Poder P\u00fablico e de toda a sociedade brasileira para garantir, a todos, a efetividade dos direitos fundamentais \u00e0 vida e \u00e0 sa\u00fade previstos (&#8230;) na Constitui\u00e7\u00e3o Federal&#8221;.<\/p>\n\n\n\n<p>&#8220;Defiro a tutela, determinando \u00e0 Uni\u00e3o Federal que adote as medidas necess\u00e1rias, no prazo de 24 (vinte e quatro) horas, a fim de impedir que &#8216;atividades religiosas de qualquer natureza&#8217; permane\u00e7am inclu\u00eddas no rol de atividades e servi\u00e7os essenciais para fins de enfrentamento da emerg\u00eancia de sa\u00fade p\u00fablica de import\u00e2ncia internacional decorrente do coronav\u00edrus&#8221;, diz a decis\u00e3o judicial.<\/p>\n\n\n\n<figure class=\"wp-block-image\"><img decoding=\"async\" data-src=\"https:\/\/www.clickpb.com.br\/media\/filer_public\/67\/38\/6738c6b1-55ab-4abc-8623-aa5175510ad0\/_111547484_decisaodf.jpg\" alt=\"\" src=\"data:image\/svg+xml;base64,PHN2ZyB3aWR0aD0iMSIgaGVpZ2h0PSIxIiB4bWxucz0iaHR0cDovL3d3dy53My5vcmcvMjAwMC9zdmciPjwvc3ZnPg==\" class=\"lazyload\" \/><\/figure>\n\n\n\n<p>A decis\u00e3o do juiz decorre de uma A\u00e7\u00e3o Civil P\u00fablica (ACP) formulada pelo pelo procurador da Rep\u00fablica Felipe Fritz Braga, da Procuradoria da Rep\u00fablica no Distrito Federal (PRDF).<\/p>\n\n\n\n<p>No despacho, o juiz de Bras\u00edlia tamb\u00e9m menciona uma decis\u00e3o anterior no mesmo sentido, tomada por outro juiz de 1\u00aa inst\u00e2ncia no munic\u00edpio de Duque de Caxias (RJ) \u2014 e que continua em vigor.<\/p>\n","protected":false},"excerpt":{"rendered":"<p>Um juiz federal de Bras\u00edlia determinou \u00e0 Uni\u00e3o que exclua as atividades religiosas do rol de servi\u00e7os considerados &#8220;essenciais&#8221; durante a pandemia do novo coronav\u00edrus.&hellip; <\/p>\n","protected":false},"author":2,"featured_media":161945,"comment_status":"closed","ping_status":"closed","sticky":false,"template":"","format":"standard","meta":{"sfsi_plus_gutenberg_text_before_share":"","sfsi_plus_gutenberg_show_text_before_share":"","sfsi_plus_gutenberg_icon_type":"","sfsi_plus_gutenberg_icon_alignemt":"","sfsi_plus_gutenburg_max_per_row":"","footnotes":""},"categories":[2],"tags":[],"class_list":["post-161944","post","type-post","status-publish","format-standard","has-post-thumbnail","hentry","category-geral"],"_links":{"self":[{"href":"https:\/\/www.caririemacao.com\/1\/wp-json\/wp\/v2\/posts\/161944","targetHints":{"allow":["GET"]}}],"collection":[{"href":"https:\/\/www.caririemacao.com\/1\/wp-json\/wp\/v2\/posts"}],"about":[{"href":"https:\/\/www.caririemacao.com\/1\/wp-json\/wp\/v2\/types\/post"}],"author":[{"embeddable":true,"href":"https:\/\/www.caririemacao.com\/1\/wp-json\/wp\/v2\/users\/2"}],"replies":[{"embeddable":true,"href":"https:\/\/www.caririemacao.com\/1\/wp-json\/wp\/v2\/comments?post=161944"}],"version-history":[{"count":1,"href":"https:\/\/www.caririemacao.com\/1\/wp-json\/wp\/v2\/posts\/161944\/revisions"}],"predecessor-version":[{"id":161946,"href":"https:\/\/www.caririemacao.com\/1\/wp-json\/wp\/v2\/posts\/161944\/revisions\/161946"}],"wp:featuredmedia":[{"embeddable":true,"href":"https:\/\/www.caririemacao.com\/1\/wp-json\/wp\/v2\/media\/161945"}],"wp:attachment":[{"href":"https:\/\/www.caririemacao.com\/1\/wp-json\/wp\/v2\/media?parent=161944"}],"wp:term":[{"taxonomy":"category","embeddable":true,"href":"https:\/\/www.caririemacao.com\/1\/wp-json\/wp\/v2\/categories?post=161944"},{"taxonomy":"post_tag","embeddable":true,"href":"https:\/\/www.caririemacao.com\/1\/wp-json\/wp\/v2\/tags?post=161944"}],"curies":[{"name":"wp","href":"https:\/\/api.w.org\/{rel}","templated":true}]}}