{"id":161949,"date":"2020-04-03T07:20:52","date_gmt":"2020-04-03T10:20:52","guid":{"rendered":"http:\/\/www.caririemacao.com\/1\/?p=161949"},"modified":"2020-04-03T07:20:54","modified_gmt":"2020-04-03T10:20:54","slug":"bolsonaro-diz-desconhecer-hospitais-lotados-nao-e-isso-tudo-que-estao-pintando","status":"publish","type":"post","link":"https:\/\/www.caririemacao.com\/1\/2020\/04\/03\/bolsonaro-diz-desconhecer-hospitais-lotados-nao-e-isso-tudo-que-estao-pintando\/","title":{"rendered":"Bolsonaro diz desconhecer hospitais lotados: &#8216;N\u00e3o \u00e9 isso tudo que est\u00e3o pintando&#8217;"},"content":{"rendered":"\n<p>O presidente Jair Bolsonaro disse nesta quinta-feira (2) desconhecer &#8220;qualquer hospital que esteja lotado&#8221;. Segundo ele, a crise sanit\u00e1ria provocada pelo coronav\u00edrus &#8220;n\u00e3o \u00e9 isso tudo que est\u00e3o pintando&#8221;.<\/p>\n\n\n\n<p>Bolsonaro deu a declara\u00e7\u00e3o \u00e0 tarde em conversa sobre a crise do coronav\u00edrus com pastores evang\u00e9licos na portaria do Pal\u00e1cio da Alvorada, ao retornar para a resid\u00eancia oficial da Presid\u00eancia.<\/p>\n\n\n\n<p>Em v\u00e1rios estados, devido ao risco de que a rede hospitalar n\u00e3o comporte a demanda, governos locais est\u00e3o instalando hospitais de campanha em est\u00e1dios, gin\u00e1sios de esportes e equipamentos p\u00fablicos a fim de receber doentes contaminados pelo coronav\u00edrus. Segundo estimativa do Minist\u00e9rio da Sa\u00fade, os casos de coronav\u00edrus no pa\u00eds v\u00e3o disparar entre abril e junho.<\/p>\n\n\n\n<p>&#8220;Desconhe\u00e7o qualquer hospital que esteja lotado. Desconhe\u00e7o. Muito pelo contr\u00e1rio, tem hospital no Rio de Janeiro, o tal de Gazola, se eu n\u00e3o me engano, tem 200 leitos e tem 12 ocupados. N\u00e3o \u00e9 isso tudo o que est\u00e3o pintando&#8221;, afirmou o presidente.<\/p>\n\n\n\n<p>Bolsonaro v\u00ea uma competi\u00e7\u00e3o entre &#8220;alguns&#8221; governadores para determinar quem toma mais medidas contra a doen\u00e7a.<\/p>\n\n\n\n<p>Aqui no Brasil a temperatura \u00e9 diferente. Me parece que houve competi\u00e7\u00e3o entre alguns de quem toma mais medidas para dizer que est\u00e1 protegendo a tua vida&#8221;, declarou o presidente.<\/p>\n\n\n\n<p>O Hospital Ronaldo Gazolla, em Acari (Zona Norte do Rio de Janeiro), foi destacado pela Secretaria Municipal de Sa\u00fade como refer\u00eancia para casos de interna\u00e7\u00e3o por coronav\u00edrus. Segundo a secretaria, tinha, at\u00e9 esta quinta-feira, 56 pacientes internados com suspeita de coronav\u00edrus, dos quais 21 na Unidade de Terapia Intensiva (UTI). A unidade disp\u00f5e de 128 leitos dedicados exclusivamente para interna\u00e7\u00e3o de pacientes com a doen\u00e7a e est\u00e1 sendo ampliada para abrigar 381 leitos.<\/p>\n\n\n\n<p>Questionado sobre a declara\u00e7\u00e3o de Bolsonaro em uma entrevista coletiva no Pal\u00e1cio do Planalto, o ministro Luiz Henrique Mandetta (Sa\u00fade) disse que o presidente foi &#8220;muito feliz&#8221; porque, segundo afirmou, est\u00e1 &#8220;constatando&#8221; que as medidas adotadas pelo governo est\u00e3o segurando a &#8220;espiral de casos&#8221;.<\/p>\n\n\n\n<p>&#8220;O presidente est\u00e1 constatando uma coisa muito boa porque estamos conseguindo evitar que os hospitais estejam superlotados. A partir do momento em que n\u00e3o est\u00e3o superlotados, \u00e9 uma constata\u00e7\u00e3o muito positiva, muito boa. A gente espera que fique assim durante todo o per\u00edodo&#8221;, acrescentou Mandetta.<\/p>\n\n\n\n<p><strong>&#8216;Medinho&#8217;<\/strong><br><\/p>\n\n\n\n<p>Antes de dar essa declara\u00e7\u00e3o sobre os hospitais, o presidente tamb\u00e9m classificou de &#8220;brincadeira&#8221; algu\u00e9m dizer que tem medo de contrair o novo coronav\u00edrus.<\/p>\n\n\n\n<p>&#8220;T\u00e1 com medinho de pegar v\u00edrus? T\u00e1 de brincadeira. O v\u00edrus \u00e9 uma coisa que 60% vai ter ou 70%. N\u00e3o vai fugir disso. A tentativa \u00e9 de atrasar a infec\u00e7\u00e3o para hospitais poderem atender&#8221;, afirmou Bolsonaro aos pastores.<br>De acordo com o Minist\u00e9rio da Sa\u00fadSe, at\u00e9 a tarde desta quinta-feira, o Brasil tinha registrado 299 mortes por coronav\u00edrus, al\u00e9m de 7.910 casos confirmados.<\/p>\n\n\n\n<p>Nesta quinta-feira, o n\u00famero de contaminados em todo o mundo ultrapassou 1 milh\u00e3o, segundo levantamento da Universidade Johns Hopkins (Estados Unidos). O total de mortos pelo novo coronav\u00edrus, de acordo com o estudo, passa de 50 mil.<\/p>\n","protected":false},"excerpt":{"rendered":"<p>O presidente Jair Bolsonaro disse nesta quinta-feira (2) desconhecer &#8220;qualquer hospital que esteja lotado&#8221;. Segundo ele, a crise sanit\u00e1ria provocada pelo coronav\u00edrus &#8220;n\u00e3o \u00e9 isso&hellip; <\/p>\n","protected":false},"author":2,"featured_media":161950,"comment_status":"closed","ping_status":"closed","sticky":false,"template":"","format":"standard","meta":{"sfsi_plus_gutenberg_text_before_share":"","sfsi_plus_gutenberg_show_text_before_share":"","sfsi_plus_gutenberg_icon_type":"","sfsi_plus_gutenberg_icon_alignemt":"","sfsi_plus_gutenburg_max_per_row":"","footnotes":""},"categories":[11],"tags":[],"class_list":["post-161949","post","type-post","status-publish","format-standard","has-post-thumbnail","hentry","category-politica"],"_links":{"self":[{"href":"https:\/\/www.caririemacao.com\/1\/wp-json\/wp\/v2\/posts\/161949","targetHints":{"allow":["GET"]}}],"collection":[{"href":"https:\/\/www.caririemacao.com\/1\/wp-json\/wp\/v2\/posts"}],"about":[{"href":"https:\/\/www.caririemacao.com\/1\/wp-json\/wp\/v2\/types\/post"}],"author":[{"embeddable":true,"href":"https:\/\/www.caririemacao.com\/1\/wp-json\/wp\/v2\/users\/2"}],"replies":[{"embeddable":true,"href":"https:\/\/www.caririemacao.com\/1\/wp-json\/wp\/v2\/comments?post=161949"}],"version-history":[{"count":1,"href":"https:\/\/www.caririemacao.com\/1\/wp-json\/wp\/v2\/posts\/161949\/revisions"}],"predecessor-version":[{"id":161951,"href":"https:\/\/www.caririemacao.com\/1\/wp-json\/wp\/v2\/posts\/161949\/revisions\/161951"}],"wp:featuredmedia":[{"embeddable":true,"href":"https:\/\/www.caririemacao.com\/1\/wp-json\/wp\/v2\/media\/161950"}],"wp:attachment":[{"href":"https:\/\/www.caririemacao.com\/1\/wp-json\/wp\/v2\/media?parent=161949"}],"wp:term":[{"taxonomy":"category","embeddable":true,"href":"https:\/\/www.caririemacao.com\/1\/wp-json\/wp\/v2\/categories?post=161949"},{"taxonomy":"post_tag","embeddable":true,"href":"https:\/\/www.caririemacao.com\/1\/wp-json\/wp\/v2\/tags?post=161949"}],"curies":[{"name":"wp","href":"https:\/\/api.w.org\/{rel}","templated":true}]}}