{"id":161959,"date":"2020-04-03T07:24:05","date_gmt":"2020-04-03T10:24:05","guid":{"rendered":"http:\/\/www.caririemacao.com\/1\/?p=161959"},"modified":"2020-04-03T07:24:07","modified_gmt":"2020-04-03T10:24:07","slug":"governo-lanca-campanha-ninguem-fica-para-tras-sobre-o-combate-ao-coronavirus","status":"publish","type":"post","link":"https:\/\/www.caririemacao.com\/1\/2020\/04\/03\/governo-lanca-campanha-ninguem-fica-para-tras-sobre-o-combate-ao-coronavirus\/","title":{"rendered":"Governo lan\u00e7a campanha \u2018Ningu\u00e9m fica para tr\u00e1s\u2019 sobre o combate ao coronav\u00edrus"},"content":{"rendered":"\n<p>O governo federal lan\u00e7ou nesta quarta-feira (1) a campanha publicit\u00e1ria \u201cningu\u00e9m fica para tr\u00e1s\u201d.&nbsp;As novas pe\u00e7as publicit\u00e1rias&nbsp;substituem&nbsp;a frase \u201cO Brasil n\u00e3o pode parar\u201d, que incentivava os brasileiros a furar o isolamento social da quarentena e voltar \u00e0 rotina de trabalho mesmo durante a pandemia do coronav\u00edrus.&nbsp;<\/p>\n\n\n\n<p>No s\u00e1bado, a Justi\u00e7a Federal do Rio de Janeiro proibiu a Uni\u00e3o de divulgar a&nbsp;campanha publicit\u00e1ria com o slogan. Depois, na ter\u00e7a-feira, o ministro Lu\u00eds&nbsp;Roberto Barroso, do Supremo Tribunal Federal (STF), proibiu que o governo&nbsp;federal contratasse qualquer campanha contra medidas de isolamento.<\/p>\n\n\n\n<p>A Secom alegou que o v\u00eddeo foi &#8220;produzido em car\u00e1ter experimental, portanto, a<br>custo zero e sem avalia\u00e7\u00e3o e aprova\u00e7\u00e3o da Secom&#8221;. Tamb\u00e9m negou a exist\u00eancia<br>de &#8220;qualquer campanha publicit\u00e1ria ou pe\u00e7a oficial&#8221; do \u00f3rg\u00e3o intitulada &#8220;O<br>Brasil N\u00e3o Pode Parar&#8221;, mas n\u00e3o comentou as publica\u00e7\u00f5es apagadas.<\/p>\n\n\n\n<p>Com o novo lema, o governo chama aten\u00e7\u00e3o para o momento de uni\u00e3o. A&nbsp;Secretaria de Comunica\u00e7\u00e3o Social da Presid\u00eancia&nbsp;compartilhou a imagem do novo slogan na conta oficial do governo no twitter,&nbsp;onde duas pessoas&nbsp;com&nbsp;luvas e roupas de prote\u00e7\u00e3o especiais d\u00e3o as m\u00e3os.&nbsp;<\/p>\n\n\n\n<p>O novo slogan&nbsp;&#8220;NINGU\u00c9M FICA PARA&nbsp;TR\u00c1S! \u00e9&nbsp;muito usado&nbsp;para expressar a honra e a fidelidade entre&nbsp;militares,&nbsp;e&nbsp;tem sido o ponto de partida dos trabalhos do Governo Federal.&nbsp;<\/p>\n\n\n\n<figure class=\"wp-block-image\"><img decoding=\"async\" data-src=\"https:\/\/www.clickpb.com.br\/media\/filer_public\/1f\/f7\/1ff72fc7-694d-4b0a-8324-2175dc01301b\/ninguem-fica-pra-tras-680x644.jpeg\" alt=\"\" src=\"data:image\/svg+xml;base64,PHN2ZyB3aWR0aD0iMSIgaGVpZ2h0PSIxIiB4bWxucz0iaHR0cDovL3d3dy53My5vcmcvMjAwMC9zdmciPjwvc3ZnPg==\" class=\"lazyload\" style=\"--smush-placeholder-width: 680px; --smush-placeholder-aspect-ratio: 680\/644;\" \/><\/figure>\n\n\n\n<p>O presidente Jair Bolsonaro tamb\u00e9m postou em seu perfil no Twitter o slogan da campanha.<\/p>\n\n\n\n<figure class=\"wp-block-image\"><img decoding=\"async\" data-src=\"https:\/\/www.clickpb.com.br\/media\/filer_public\/af\/8c\/af8cbbf0-3025-4e48-b1c1-4e2fb3a9ce8f\/bolsonaro-ninguem-fica-pra-tras.png\" alt=\"\" src=\"data:image\/svg+xml;base64,PHN2ZyB3aWR0aD0iMSIgaGVpZ2h0PSIxIiB4bWxucz0iaHR0cDovL3d3dy53My5vcmcvMjAwMC9zdmciPjwvc3ZnPg==\" class=\"lazyload\" \/><\/figure>\n","protected":false},"excerpt":{"rendered":"<p>O governo federal lan\u00e7ou nesta quarta-feira (1) a campanha publicit\u00e1ria \u201cningu\u00e9m fica para tr\u00e1s\u201d.&nbsp;As novas pe\u00e7as publicit\u00e1rias&nbsp;substituem&nbsp;a frase \u201cO Brasil n\u00e3o pode parar\u201d, que incentivava&hellip; <\/p>\n","protected":false},"author":2,"featured_media":161960,"comment_status":"closed","ping_status":"closed","sticky":false,"template":"","format":"standard","meta":{"sfsi_plus_gutenberg_text_before_share":"","sfsi_plus_gutenberg_show_text_before_share":"","sfsi_plus_gutenberg_icon_type":"","sfsi_plus_gutenberg_icon_alignemt":"","sfsi_plus_gutenburg_max_per_row":"","footnotes":""},"categories":[2],"tags":[],"class_list":["post-161959","post","type-post","status-publish","format-standard","has-post-thumbnail","hentry","category-geral"],"_links":{"self":[{"href":"https:\/\/www.caririemacao.com\/1\/wp-json\/wp\/v2\/posts\/161959","targetHints":{"allow":["GET"]}}],"collection":[{"href":"https:\/\/www.caririemacao.com\/1\/wp-json\/wp\/v2\/posts"}],"about":[{"href":"https:\/\/www.caririemacao.com\/1\/wp-json\/wp\/v2\/types\/post"}],"author":[{"embeddable":true,"href":"https:\/\/www.caririemacao.com\/1\/wp-json\/wp\/v2\/users\/2"}],"replies":[{"embeddable":true,"href":"https:\/\/www.caririemacao.com\/1\/wp-json\/wp\/v2\/comments?post=161959"}],"version-history":[{"count":1,"href":"https:\/\/www.caririemacao.com\/1\/wp-json\/wp\/v2\/posts\/161959\/revisions"}],"predecessor-version":[{"id":161961,"href":"https:\/\/www.caririemacao.com\/1\/wp-json\/wp\/v2\/posts\/161959\/revisions\/161961"}],"wp:featuredmedia":[{"embeddable":true,"href":"https:\/\/www.caririemacao.com\/1\/wp-json\/wp\/v2\/media\/161960"}],"wp:attachment":[{"href":"https:\/\/www.caririemacao.com\/1\/wp-json\/wp\/v2\/media?parent=161959"}],"wp:term":[{"taxonomy":"category","embeddable":true,"href":"https:\/\/www.caririemacao.com\/1\/wp-json\/wp\/v2\/categories?post=161959"},{"taxonomy":"post_tag","embeddable":true,"href":"https:\/\/www.caririemacao.com\/1\/wp-json\/wp\/v2\/tags?post=161959"}],"curies":[{"name":"wp","href":"https:\/\/api.w.org\/{rel}","templated":true}]}}