{"id":161963,"date":"2020-04-03T07:28:21","date_gmt":"2020-04-03T10:28:21","guid":{"rendered":"http:\/\/www.caririemacao.com\/1\/?p=161963"},"modified":"2020-04-03T07:28:23","modified_gmt":"2020-04-03T10:28:23","slug":"prefeitura-de-sao-joao-do-tigre-realiza-higienizacao-de-espacos-e-predios-publicos-no-combate-ao-covid-19","status":"publish","type":"post","link":"https:\/\/www.caririemacao.com\/1\/2020\/04\/03\/prefeitura-de-sao-joao-do-tigre-realiza-higienizacao-de-espacos-e-predios-publicos-no-combate-ao-covid-19\/","title":{"rendered":"Prefeitura de S\u00e3o Jo\u00e3o do Tigre realiza higieniza\u00e7\u00e3o de espa\u00e7os e pr\u00e9dios p\u00fablicos no combate ao Covid-19"},"content":{"rendered":"\n<p>Por determina\u00e7\u00e3o do prefeito C\u00e9lio Barbosa, as Secretarias de Sa\u00fade e Infraestrutura de S\u00e3o Jo\u00e3o do Tigre iniciaram um trabalho de higieniza\u00e7\u00e3o de espa\u00e7os p\u00fablicos no munic\u00edpio. A inten\u00e7\u00e3o \u00e9 combater o Covid-19 e sua prolifera\u00e7\u00e3o atrav\u00e9s de espa\u00e7os de maior movimenta\u00e7\u00e3o popular.<\/p>\n\n\n\n<div class=\"wp-block-image\"><figure class=\"alignleft\"><img decoding=\"async\" data-src=\"http:\/\/deolhonocariri.com.br\/wp-content\/uploads\/2020\/04\/higienizacao_sjt_1.jpg\" alt=\"\" class=\"wp-image-80132 lazyload\" src=\"data:image\/svg+xml;base64,PHN2ZyB3aWR0aD0iMSIgaGVpZ2h0PSIxIiB4bWxucz0iaHR0cDovL3d3dy53My5vcmcvMjAwMC9zdmciPjwvc3ZnPg==\" \/><\/figure><\/div>\n\n\n\n<p>Os servidores com equipamentos adequados de prote\u00e7\u00e3o realizavam manualmente a limpeza em alguns pr\u00e9dios do munic\u00edpio, como ainda em pra\u00e7as, academia de sa\u00fade e at\u00e9 estabelecimentos privados com grande movimenta\u00e7\u00e3o. Os locais foram pulverizados com produto adequado, combatendo assim a poss\u00edvel perman\u00eancia do novo v\u00edrus.<\/p>\n\n\n\n<p>O prefeito C\u00e9lio Barbosa disse que este trabalho est\u00e1 apenas come\u00e7ando e ter\u00e1 continuidade de forma permanente, enquanto perdurar o momento cr\u00edtico de pandemia do Coronav\u00edrus. O gestor destacou, entretanto, que a maior colabora\u00e7\u00e3o deve vir da popula\u00e7\u00e3o ficando em casa, evitando aglomera\u00e7\u00f5es e adotando h\u00e1bitos de higiene.<\/p>\n\n\n\n<p><strong>De Olho no Cariri<\/strong><\/p>\n","protected":false},"excerpt":{"rendered":"<p>Por determina\u00e7\u00e3o do prefeito C\u00e9lio Barbosa, as Secretarias de Sa\u00fade e Infraestrutura de S\u00e3o Jo\u00e3o do Tigre iniciaram um trabalho de higieniza\u00e7\u00e3o de espa\u00e7os p\u00fablicos&hellip; <\/p>\n","protected":false},"author":2,"featured_media":161964,"comment_status":"closed","ping_status":"closed","sticky":false,"template":"","format":"standard","meta":{"sfsi_plus_gutenberg_text_before_share":"","sfsi_plus_gutenberg_show_text_before_share":"","sfsi_plus_gutenberg_icon_type":"","sfsi_plus_gutenberg_icon_alignemt":"","sfsi_plus_gutenburg_max_per_row":"","footnotes":""},"categories":[6],"tags":[],"class_list":["post-161963","post","type-post","status-publish","format-standard","has-post-thumbnail","hentry","category-cidades"],"_links":{"self":[{"href":"https:\/\/www.caririemacao.com\/1\/wp-json\/wp\/v2\/posts\/161963","targetHints":{"allow":["GET"]}}],"collection":[{"href":"https:\/\/www.caririemacao.com\/1\/wp-json\/wp\/v2\/posts"}],"about":[{"href":"https:\/\/www.caririemacao.com\/1\/wp-json\/wp\/v2\/types\/post"}],"author":[{"embeddable":true,"href":"https:\/\/www.caririemacao.com\/1\/wp-json\/wp\/v2\/users\/2"}],"replies":[{"embeddable":true,"href":"https:\/\/www.caririemacao.com\/1\/wp-json\/wp\/v2\/comments?post=161963"}],"version-history":[{"count":1,"href":"https:\/\/www.caririemacao.com\/1\/wp-json\/wp\/v2\/posts\/161963\/revisions"}],"predecessor-version":[{"id":161965,"href":"https:\/\/www.caririemacao.com\/1\/wp-json\/wp\/v2\/posts\/161963\/revisions\/161965"}],"wp:featuredmedia":[{"embeddable":true,"href":"https:\/\/www.caririemacao.com\/1\/wp-json\/wp\/v2\/media\/161964"}],"wp:attachment":[{"href":"https:\/\/www.caririemacao.com\/1\/wp-json\/wp\/v2\/media?parent=161963"}],"wp:term":[{"taxonomy":"category","embeddable":true,"href":"https:\/\/www.caririemacao.com\/1\/wp-json\/wp\/v2\/categories?post=161963"},{"taxonomy":"post_tag","embeddable":true,"href":"https:\/\/www.caririemacao.com\/1\/wp-json\/wp\/v2\/tags?post=161963"}],"curies":[{"name":"wp","href":"https:\/\/api.w.org\/{rel}","templated":true}]}}